{"id":608,"date":"2019-03-13T09:26:24","date_gmt":"2019-03-13T09:26:24","guid":{"rendered":"http:\/\/www.kisfuzes.hu\/?p=608"},"modified":"2019-03-13T09:26:26","modified_gmt":"2019-03-13T09:26:26","slug":"europai-parlamenti-kepviselok-valasztasa-2019","status":"publish","type":"post","link":"https:\/\/www.kisfuzes.hu\/?p=608","title":{"rendered":"Eur\u00f3pai parlamenti k\u00e9pvisel\u0151k v\u00e1laszt\u00e1sa 2019"},"content":{"rendered":"\n<p>A k\u00f6zt\u00e1rsas\u00e1gi eln\u00f6k <strong>2019. m\u00e1jus 26<\/strong>. napj\u00e1ra, \nvas\u00e1rnapra t\u0171zte ki az  Eur\u00f3pai Parlament tagjainak magyarorsz\u00e1gi \nv\u00e1laszt\u00e1s\u00e1t. A v\u00e1laszt\u00e1sra  jogosultakr\u00f3l, a beny\u00fajthat\u00f3 n\u00e9vjegyz\u00e9kbe \nv\u00e9teli k\u00e9relmekr\u0151l, a jel\u00f6l\u0151  szervezeteknek sz\u00f3l\u00f3 inform\u00e1ci\u00f3kr\u00f3l \n\u00f6sszefoglal\u00f3 oldalunkon  t\u00e1j\u00e9koz\u00f3dhat. <\/p>\n\n\n\n<blockquote class=\"wp-block-quote\"><p><a href=\"http:\/\/www.valasztas.hu\/hol-szavazhatok-\">Hol szavazhatok?<\/a><\/p><p><a href=\"http:\/\/www.valasztas.hu\/bejelentett-partok_ep2019\">Kire szavazhatok?<\/a><\/p><p><a href=\"http:\/\/www.valasztas.hu\/kulkepviseleti-szavazas_ep2019\">K\u00fclk\u00e9pviseleti szavaz\u00e1s<\/a><\/p><p><a href=\"http:\/\/www.valasztas.hu\/levelszavazas_ep2019\">Lev\u00e9lszavaz\u00e1s<\/a><\/p><p><a href=\"http:\/\/www.valasztas.hu\/ep2019-gyik\">Gyakran Ism\u00e9telt K\u00e9rd\u00e9sek<\/a><\/p><p><a href=\"http:\/\/www.valasztas.hu\/valasztasi-irodak-elerhetosegei_ep2019?_electioninformation_WAR_nvivakirportlet_formDate=32503680000000&amp;p_p_id=electioninformation_WAR_nvivakirportlet&amp;p_p_lifecycle=0&amp;p_p_state=normal&amp;p_p_mode=view&amp;p_p_col_id=column-2&amp;p_p_col_pos=1&amp;p_p_col_count=2&amp;_electioninformation_WAR_nvivakirportlet_searchSortColumn=TELEPULES_CIM&amp;_electioninformation_WAR_nvivakirportlet_searchSortType=asc&amp;_electioninformation_WAR_nvivakirportlet_showDetails=false&amp;_electioninformation_WAR_nvivakirportlet_dateOfElection=&amp;_electioninformation_WAR_nvivakirportlet_searchText=P%C3%A9terv%C3%A1s%C3%A1ra&amp;_electioninformation_WAR_nvivakirportlet_megyeTelepules=&amp;_electioninformation_WAR_nvivakirportlet_searchTelepules=P%C3%A9terv%C3%A1s%C3%A1ra&amp;_electioninformation_WAR_nvivakirportlet_searchMegye=#_electioninformation_WAR_nvivakirportlet_tableTop\">K\u00e9rd\u00e9sem van a v\u00e1laszt\u00e1sr\u00f3l<\/a><\/p><\/blockquote>\n\n\n\n<figure class=\"wp-block-image\"><img decoding=\"async\" loading=\"lazy\" width=\"732\" height=\"1024\" src=\"http:\/\/www.kisfuzes.hu\/wp-content\/uploads\/2019\/03\/hirdetmeny_plakat_EP2019-732x1024.jpg\" alt=\"\" class=\"wp-image-610\" srcset=\"https:\/\/www.kisfuzes.hu\/wp-content\/uploads\/2019\/03\/hirdetmeny_plakat_EP2019-732x1024.jpg 732w, https:\/\/www.kisfuzes.hu\/wp-content\/uploads\/2019\/03\/hirdetmeny_plakat_EP2019-214x300.jpg 214w, https:\/\/www.kisfuzes.hu\/wp-content\/uploads\/2019\/03\/hirdetmeny_plakat_EP2019-768x1074.jpg 768w, https:\/\/www.kisfuzes.hu\/wp-content\/uploads\/2019\/03\/hirdetmeny_plakat_EP2019-36x50.jpg 36w, https:\/\/www.kisfuzes.hu\/wp-content\/uploads\/2019\/03\/hirdetmeny_plakat_EP2019.jpg 1005w\" sizes=\"(max-width: 732px) 100vw, 732px\" \/><\/figure>\n\r\n","protected":false},"excerpt":{"rendered":"<p>A k\u00f6zt\u00e1rsas\u00e1gi eln\u00f6k 2019. m\u00e1jus 26. napj\u00e1ra, vas\u00e1rnapra t\u0171zte ki az Eur\u00f3pai Parlament tagjainak magyarorsz\u00e1gi v\u00e1laszt\u00e1s\u00e1t. A v\u00e1laszt\u00e1sra jogosultakr\u00f3l, a beny\u00fajthat\u00f3 n\u00e9vjegyz\u00e9kbe v\u00e9teli k\u00e9relmekr\u0151l, a jel\u00f6l\u0151 szervezeteknek sz\u00f3l\u00f3 inform\u00e1ci\u00f3kr\u00f3l \u00f6sszefoglal\u00f3 oldalunkon t\u00e1j\u00e9koz\u00f3dhat. Hol szavazhatok?&#46;&#46;&#46;<\/p>\n","protected":false},"author":1,"featured_media":611,"comment_status":"closed","ping_status":"open","sticky":false,"template":"","format":"standard","meta":[],"categories":[12,38],"tags":[],"_links":{"self":[{"href":"https:\/\/www.kisfuzes.hu\/index.php?rest_route=\/wp\/v2\/posts\/608"}],"collection":[{"href":"https:\/\/www.kisfuzes.hu\/index.php?rest_route=\/wp\/v2\/posts"}],"about":[{"href":"https:\/\/www.kisfuzes.hu\/index.php?rest_route=\/wp\/v2\/types\/post"}],"author":[{"embeddable":true,"href":"https:\/\/www.kisfuzes.hu\/index.php?rest_route=\/wp\/v2\/users\/1"}],"replies":[{"embeddable":true,"href":"https:\/\/www.kisfuzes.hu\/index.php?rest_route=%2Fwp%2Fv2%2Fcomments&post=608"}],"version-history":[{"count":1,"href":"https:\/\/www.kisfuzes.hu\/index.php?rest_route=\/wp\/v2\/posts\/608\/revisions"}],"predecessor-version":[{"id":612,"href":"https:\/\/www.kisfuzes.hu\/index.php?rest_route=\/wp\/v2\/posts\/608\/revisions\/612"}],"wp:featuredmedia":[{"embeddable":true,"href":"https:\/\/www.kisfuzes.hu\/index.php?rest_route=\/wp\/v2\/media\/611"}],"wp:attachment":[{"href":"https:\/\/www.kisfuzes.hu\/index.php?rest_route=%2Fwp%2Fv2%2Fmedia&parent=608"}],"wp:term":[{"taxonomy":"category","embeddable":true,"href":"https:\/\/www.kisfuzes.hu\/index.php?rest_route=%2Fwp%2Fv2%2Fcategories&post=608"},{"taxonomy":"post_tag","embeddable":true,"href":"https:\/\/www.kisfuzes.hu\/index.php?rest_route=%2Fwp%2Fv2%2Ftags&post=608"}],"curies":[{"name":"wp","href":"https:\/\/api.w.org\/{rel}","templated":true}]}}