{"id":448,"date":"2018-04-12T07:15:19","date_gmt":"2018-04-12T07:15:19","guid":{"rendered":"http:\/\/www.kisfuzes.hu\/?p=448"},"modified":"2019-02-07T13:48:30","modified_gmt":"2019-02-07T13:48:30","slug":"kisfuzesi-bekoto-ut-felujitasa","status":"publish","type":"post","link":"https:\/\/www.kisfuzes.hu\/?p=448","title":{"rendered":"Kisf\u00fczesi bek\u00f6t\u0151 \u00fat fel\u00faj\u00edt\u00e1sa"},"content":{"rendered":"<p><img decoding=\"async\" loading=\"lazy\" class=\"alignleft wp-image-457\" src=\"http:\/\/www.kisfuzes.hu\/wp-content\/uploads\/2018\/04\/szechenyi_2020_jav.jpg\" alt=\"\" width=\"450\" height=\"258\" srcset=\"https:\/\/www.kisfuzes.hu\/wp-content\/uploads\/2018\/04\/szechenyi_2020_jav.jpg 630w, https:\/\/www.kisfuzes.hu\/wp-content\/uploads\/2018\/04\/szechenyi_2020_jav-300x172.jpg 300w\" sizes=\"(max-width: 450px) 100vw, 450px\" \/><\/p>\n<ul>\n<li>A kedvezm\u00e9nyezett neve: Magyar K\u00f6z\u00fat Nonprofit Zrt., Konzorciumi partner: Kisf\u00fczes K\u00f6zs\u00e9g \u00d6nkorm\u00e1nyzata<\/li>\n<li>K\u00f6zleked\u00e9sfejleszt\u00e9s Heves megy\u00e9ben 1.<\/li>\n<li>A szerz\u0151d\u00f6tt t\u00e1mogat\u00e1s \u00f6sszege, 1\u00a0334\u00a0000\u00a0000 Ft, ebb\u0151l a konzorciumi partner t\u00e1mogat\u00e1sa: 12\u00a0700\u00a0000 Ft<\/li>\n<li>A t\u00e1mogat\u00e1s m\u00e9rt\u00e9ke (%-ban), 100 %<\/li>\n<li>A projekt tartalm\u00e1nak bemutat\u00e1sa:<\/li>\n<\/ul>\n<p><strong>TOP-1.3.1-15 k\u00f3dsz\u00e1m\u00fa felh\u00edv\u00e1s<\/strong><u><\/u><u><\/u><\/p>\n<p>A Korm\u00e1ny a Partners\u00e9gi Meg\u00e1llapod\u00e1sban c\u00e9lul t\u0171zte ki a foglalkoztat\u00e1s el\u0151mozd\u00edt\u00e1sa \u00e9s a munkaer\u0151 mobilit\u00e1s\u00e1nak t\u00e1mogat\u00e1sa tematikus c\u00e9l teljes\u00edt\u00e9s\u00e9t, melynek el\u00e9r\u00e9s\u00e9t a Magyar K\u00f6z\u00fat Nonprofit Zrt. \u00e9s a helyi \u00f6nkorm\u00e1nyzatok egy\u00fcttm\u0171k\u00f6d\u00e9s\u00e9vel a TOP-1.3.1-15 k\u00f3dsz\u00e1m\u00fa \u201eGazdas\u00e1gfejleszt\u00e9st \u00e9s a munkaer\u0151 mobilit\u00e1s \u00f6szt\u00f6nz\u00e9s\u00e9t szolg\u00e1l\u00f3 k\u00f6zleked\u00e9sfejleszt\u00e9s\u201d c\u00edm\u0171 felh\u00edv\u00e1ssal tervezi megval\u00f3s\u00edtani. Jelen felh\u00edv\u00e1s a Ter\u00fclet- \u00e9s Telep\u00fcl\u00e9sfejleszt\u00e9si Operat\u00edv Program keret\u00e9ben a Nemzetgazdas\u00e1gi Miniszt\u00e9rium Region\u00e1lis Fejleszt\u00e9si Operat\u00edv Programok Ir\u00e1ny\u00edt\u00f3 Hat\u00f3s\u00e1ga \u00e1ltal ker\u00fclt meghirdet\u00e9sre.<u><\/u><u><\/u><\/p>\n<p>A felh\u00edv\u00e1s keret\u00e9ben megval\u00f3sul\u00f3 fejleszt\u00e9sek a K\u00f6z\u00e9p-magyarorsz\u00e1gi r\u00e9gi\u00f3 kiv\u00e9tel\u00e9vel az orsz\u00e1g \u00f6sszes r\u00e9gi\u00f3j\u00e1t \u00e9rintik, melynek c\u00e9lja a jellemz\u0151en alacsonyabb rend\u0171, orsz\u00e1gos k\u00f6zutak fel\u00faj\u00edt\u00e1sa \u00e9s fejleszt\u00e9se annak \u00e9rdek\u00e9ben, hogy a kisebb telep\u00fcl\u00e9sek munkav\u00e1llal\u00f3i sz\u00e1m\u00e1ra a betelep\u00fcl\u0151 v\u00e1llalkoz\u00e1sok \u00e9s a fejlesztett \u00fczleti infrastrukt\u00fara el\u00e9rhet\u0151s\u00e9ge javuljon. <u><\/u><u><\/u><\/p>\n<p>A felh\u00edv\u00e1s keret\u00e9ben kiz\u00e1r\u00f3lag \u2013 \u00e1llami t\u00e1mogat\u00e1snak nem min\u0151s\u00fcl\u0151 \u2013 k\u00f6zc\u00e9l\u00fa k\u00f6z\u00fatfejleszt\u00e9sek val\u00f3sulhatnak meg:<\/p>\n<p>\u00b7\u00a0\u00a0\u00a0\u00a0\u00a0\u00a0\u00a0\u00a0 <a href=\"https:\/\/maps.google.com\/?q=4+%C3%A9s+5&amp;entry=gmail&amp;source=g\" target=\"_blank\" rel=\"noopener\" data-saferedirecturl=\"https:\/\/www.google.com\/url?hl=hu&amp;q=https:\/\/maps.google.com\/?q%3D4%2B%25C3%25A9s%2B5%26entry%3Dgmail%26source%3Dg&amp;source=gmail&amp;ust=1523600727213000&amp;usg=AFQjCNFRtOUM-Fpxsp_OKIxjZwiieH_r8w\">4 \u00e9s 5<\/a> sz\u00e1mjegy\u0171 utak fejleszt\u00e9se, fel\u00faj\u00edt\u00e1sa, valamint<u><\/u><u><\/u><\/p>\n<p>\u00b7\u00a0\u00a0\u00a0\u00a0\u00a0\u00a0\u00a0\u00a0 Orsz\u00e1ghat\u00e1rhoz vezet\u0151 als\u00f3bbrend\u0171 utak fejleszt\u00e9se, fel\u00faj\u00edt\u00e1sa, \u00e9p\u00edt\u00e9se. <u><\/u><u><\/u><\/p>\n<p>A p\u00e1ly\u00e1zat meghirdet\u00e9sekor a t\u00e1mogat\u00e1sra rendelkez\u00e9sre \u00e1ll\u00f3 keret\u00f6sszeg 44 074 milli\u00f3 Ft. Jelen felh\u00edv\u00e1s forr\u00e1s\u00e1t az Eur\u00f3pai Region\u00e1lis Fejleszt\u00e9si Alap \u00e9s Magyarorsz\u00e1g k\u00f6lts\u00e9gvet\u00e9se t\u00e1rsfinansz\u00edroz\u00e1sban biztos\u00edtja. A felh\u00edv\u00e1ssal kapcsolatosan tov\u00e1bbi inform\u00e1ci\u00f3 \u00e9rhet\u0151 el a <a href=\"http:\/\/www.palyazat.gov.hu\/\" target=\"_blank\" rel=\"noopener\" data-saferedirecturl=\"https:\/\/www.google.com\/url?hl=hu&amp;q=http:\/\/www.palyazat.gov.hu\/&amp;source=gmail&amp;ust=1523600727213000&amp;usg=AFQjCNGFrxW_IAGJ4lMSqmKon_QddbJOPg\">www.palyazat.gov.hu<\/a> internetes oldalon.<\/p>\n<table width=\"587\">\n<tbody>\n<tr>\n<td width=\"89\">32103<\/td>\n<td width=\"304\">Ad\u00e1cs bek\u00f6t\u0151 \u00fat<\/td>\n<td width=\"103\">3+200<\/td>\n<td width=\"91\">4+760<\/td>\n<\/tr>\n<tr>\n<td width=\"89\">2402<\/td>\n<td width=\"304\">Selyp- Gy\u00f6ngy\u00f6spata \u00f6sszek\u00f6t\u0151 \u00fat<\/td>\n<td width=\"103\">9+818<\/td>\n<td width=\"91\">12+150<\/td>\n<\/tr>\n<tr>\n<td width=\"89\"><strong>24121<\/strong><\/td>\n<td width=\"304\"><strong>Kisf\u00fczes bek\u00f6t\u0151 \u00fat<\/strong><\/td>\n<td width=\"103\"><strong>0+000<\/strong><\/td>\n<td width=\"91\"><strong>5+134<\/strong><\/td>\n<\/tr>\n<tr>\n<td width=\"89\">2404<\/td>\n<td width=\"304\">Zagyvasz\u00e1nt\u00f3- R\u00f3zsaszentm\u00e1rton \u00f6sszek\u00f6t\u0151 \u00fat<\/td>\n<td width=\"103\">3+740<\/td>\n<td width=\"91\">6+284<\/td>\n<\/tr>\n<tr>\n<td width=\"89\">24142<\/td>\n<td width=\"304\">Sz\u00fccsi bek\u00f6t\u0151 \u00fat<\/td>\n<td width=\"103\">0+000<\/td>\n<td width=\"91\">0+857<\/td>\n<\/tr>\n<\/tbody>\n<\/table>\n<p>A t\u00e1bl\u00e1zatban szerepl\u0151 utak ker\u00fclnek fel\u00faj\u00edt\u00e1sra a projektben bel\u00fcl. A P\u00e9terv\u00e1s\u00e1ra \u2013 Kisf\u00fczes k\u00f6z\u00f6tti <a href=\"https:\/\/maps.google.com\/?q=24121+sz%C3%A1m%C3%BA,+5,134&amp;entry=gmail&amp;source=g\" target=\"_blank\" rel=\"noopener\">24121 sz\u00e1m\u00fa, 5,134<\/a> km hossz\u00fa <strong>k\u00f6z\u00fat teljesk\u00f6r\u0171 fel\u00faj\u00edt\u00e1sa a projektb\u0151l k\u00f6zel 500.000.000 Ft-b\u00f3l val\u00f3sul meg.<\/strong><\/p>\n<ul>\n<li>a projekt tervezett befejez\u00e9si d\u00e1tuma (ha megval\u00f3sult, akkor a t\u00e9nyleges befejez\u00e9s), 2019.05.01<\/li>\n<li>projekt azonos\u00edt\u00f3 sz\u00e1ma. TOP-1.3.1-15-HE1-2016-00001<\/li>\n<\/ul>\n<p><img decoding=\"async\" loading=\"lazy\" class=\"alignright wp-image-455\" src=\"http:\/\/www.kisfuzes.hu\/wp-content\/uploads\/2018\/04\/szecheny-1024x708-1024x708.jpg\" alt=\"\" width=\"600\" height=\"415\" srcset=\"https:\/\/www.kisfuzes.hu\/wp-content\/uploads\/2018\/04\/szecheny-1024x708.jpg 1024w, https:\/\/www.kisfuzes.hu\/wp-content\/uploads\/2018\/04\/szecheny-1024x708-300x207.jpg 300w, https:\/\/www.kisfuzes.hu\/wp-content\/uploads\/2018\/04\/szecheny-1024x708-768x531.jpg 768w\" sizes=\"(max-width: 600px) 100vw, 600px\" \/><\/p>\n","protected":false},"excerpt":{"rendered":"<p>A kedvezm\u00e9nyezett neve: Magyar K\u00f6z\u00fat Nonprofit Zrt., Konzorciumi partner: Kisf\u00fczes K\u00f6zs\u00e9g \u00d6nkorm\u00e1nyzata K\u00f6zleked\u00e9sfejleszt\u00e9s Heves megy\u00e9ben 1. A szerz\u0151d\u00f6tt t\u00e1mogat\u00e1s \u00f6sszege, 1\u00a0334\u00a0000\u00a0000 Ft, ebb\u0151l a konzorciumi partner t\u00e1mogat\u00e1sa: 12\u00a0700\u00a0000 Ft A t\u00e1mogat\u00e1s m\u00e9rt\u00e9ke (%-ban), 100&#46;&#46;&#46;<\/p>\n","protected":false},"author":1,"featured_media":453,"comment_status":"closed","ping_status":"open","sticky":false,"template":"","format":"standard","meta":[],"categories":[37,12,18],"tags":[22,24,23,26],"_links":{"self":[{"href":"https:\/\/www.kisfuzes.hu\/index.php?rest_route=\/wp\/v2\/posts\/448"}],"collection":[{"href":"https:\/\/www.kisfuzes.hu\/index.php?rest_route=\/wp\/v2\/posts"}],"about":[{"href":"https:\/\/www.kisfuzes.hu\/index.php?rest_route=\/wp\/v2\/types\/post"}],"author":[{"embeddable":true,"href":"https:\/\/www.kisfuzes.hu\/index.php?rest_route=\/wp\/v2\/users\/1"}],"replies":[{"embeddable":true,"href":"https:\/\/www.kisfuzes.hu\/index.php?rest_route=%2Fwp%2Fv2%2Fcomments&post=448"}],"version-history":[{"count":7,"href":"https:\/\/www.kisfuzes.hu\/index.php?rest_route=\/wp\/v2\/posts\/448\/revisions"}],"predecessor-version":[{"id":458,"href":"https:\/\/www.kisfuzes.hu\/index.php?rest_route=\/wp\/v2\/posts\/448\/revisions\/458"}],"wp:featuredmedia":[{"embeddable":true,"href":"https:\/\/www.kisfuzes.hu\/index.php?rest_route=\/wp\/v2\/media\/453"}],"wp:attachment":[{"href":"https:\/\/www.kisfuzes.hu\/index.php?rest_route=%2Fwp%2Fv2%2Fmedia&parent=448"}],"wp:term":[{"taxonomy":"category","embeddable":true,"href":"https:\/\/www.kisfuzes.hu\/index.php?rest_route=%2Fwp%2Fv2%2Fcategories&post=448"},{"taxonomy":"post_tag","embeddable":true,"href":"https:\/\/www.kisfuzes.hu\/index.php?rest_route=%2Fwp%2Fv2%2Ftags&post=448"}],"curies":[{"name":"wp","href":"https:\/\/api.w.org\/{rel}","templated":true}]}}