{"id":240,"date":"2016-08-21T17:51:12","date_gmt":"2016-08-21T17:51:12","guid":{"rendered":"http:\/\/www.kisfuzes.hu\/?p=240"},"modified":"2016-08-21T17:51:12","modified_gmt":"2016-08-21T17:51:12","slug":"novaki-gyula-fejes-erik-kisfuzes-varteto","status":"publish","type":"post","link":"https:\/\/www.kisfuzes.hu\/?p=240","title":{"rendered":"Nov\u00e1ki Gyula \u2013 Fejes Erik: Kisf\u00fczes \u2013 V\u00e1rtet\u0151"},"content":{"rendered":"<p style=\"text-align: justify;\">Kev\u00e9s olyan magyar telep\u00fcl\u00e9s van, melynek\u00a0ter\u00fclet\u00e9n ne lenne legal\u00e1bb egy v\u00e1r vagy egy\u00e9b\u00a0er\u0151d\u00edtett hely. K\u00fcl\u00f6n\u00f6sen igaz ez a meg\u00e1llap\u00edt\u00e1s a\u00a0hegyes-v\u00f6lgyes t\u00e1jakra, \u00edgy a M\u00e1tra vid\u00e9k\u00e9re,\u00a0ahol egym\u00e1st \u00e9rik a k\u00fcl\u00f6nb\u00f6z\u0151 t\u00f6rt\u00e9nelmi\u00a0korokban emelt er\u0151ss\u00e9gek. Ezek egy r\u00e9sze \u2013 az\u00a0id\u0151k viharait \u00e1tv\u00e9szel\u0151 romok, illet\u0151leg s\u00e1ncok\u00a0alapj\u00e1n \u2013 ma is j\u00f3l azonos\u00edthat\u00f3, de vannak\u00a0k\u00f6z\u00f6tt\u00fck olyanok is, melyek nev\u00e9t csak a n\u00e9pi\u00a0eml\u00e9kezet \u0151rizte meg, azonban pontos hely\u00fck a\u00a0feled\u00e9s hom\u00e1ly\u00e1ba veszett.\u00a0Ut\u00f3bbiak k\u00f6z\u00e9 tartozik Kisf\u00fczes v\u00e1ra is, melynek\u00a0hely\u00e9t a telep\u00fcl\u00e9st\u0151l d\u00e9lnyugatra fekv\u0151, a Heves\u00a0megyei helyn\u00e9v gy\u0171jtem\u00e9nyben \u00c1gas-v\u00e1rk\u00e9nt,\u00a0V\u00e1rtet\u0151k\u00e9nt, vagy V\u00e1rb\u00e9rcnek jel\u00f6lt ter\u00fcleten kell\u00a0keresn\u00fcnk.\u00a0A v\u00e1rr\u00f3l korabeli okleveles forr\u00e1s nem ismert, \u00edgy\u00a0csak val\u00f3sz\u00edn\u0171s\u00edthetj\u00fck, hogy birtokosai azonosak\u00a0lehettek a k\u00f6zeli telep\u00fcl\u00e9s\u00e9vel. Kisf\u00fczes 1296-ban\u00a0t\u0171nik fel \u00edrott forr\u00e1sainkban \u201eFyzes\u201d n\u00e9valakban,\u00a0amikor is Baksa nembeli L\u0151rinc comes fiai,\u00a0Chamaz, J\u00e1nos, Zepod \u00e9s Thonpoldus megosztj\u00e1k\u00a0ter\u00fclet\u00e9t Mikl\u00f3s comes fia Mikl\u00f3ssal. 1311-ben\u00a0K\u00e1roly R\u00f3bert Sz\u00e9cs\u00e9nyi Tam\u00e1s erd\u00e9lyi vajd\u00e1nak\u00a0adom\u00e1nyozta, a k\u00e9s\u0151bbiekben pedig k\u00f6znemesi\u00a0csal\u00e1dok birtokolj\u00e1k.<img decoding=\"async\" loading=\"lazy\" class=\"size-medium wp-image-242 aligncenter\" src=\"http:\/\/www.kisfuzes.hu\/wp-content\/uploads\/2016\/08\/v2-300x169.jpg\" alt=\"v2\" width=\"300\" height=\"169\" srcset=\"https:\/\/www.kisfuzes.hu\/wp-content\/uploads\/2016\/08\/v2-300x169.jpg 300w, https:\/\/www.kisfuzes.hu\/wp-content\/uploads\/2016\/08\/v2-624x351.jpg 624w, https:\/\/www.kisfuzes.hu\/wp-content\/uploads\/2016\/08\/v2.jpg 650w\" sizes=\"(max-width: 300px) 100vw, 300px\" \/><\/p>\n<p style=\"text-align: center;\"><em>Kil\u00e1t\u00e1s a Kisf\u00fczesi v\u00e1rb\u00f3l<\/em><\/p>\n<p style=\"text-align: justify;\">Kil\u00e1t\u00e1s a Kisf\u00fczesi v\u00e1rb\u00f3l\u00a0A V\u00e1rtet\u0151t (V\u00e1rhegyet) el\u0151sz\u00f6r So\u00f3s Elem\u00e9r\u00a0eml\u00edti, k\u00e9s\u0151bb P\u00e1sztor J\u00f3zsef veszi sz\u00e1mba a\u00a0megye \u201epog\u00e1nyv\u00e1rai\u201d k\u00f6z\u00f6tt, legut\u00f3bb pedig a\u00a0Magyarorsz\u00e1g V\u00e1rainak Topogr\u00e1fi\u00e1ja c\u00edm\u0171\u00a0sorozat Heves megy\u00e9vel foglalkoz\u00f3 k\u00f6tet\u00e9ben\u00a0jelent meg r\u00f6vid ismertet\u0151 az er\u0151ss\u00e9gr\u0151l.\u00a0Czenthe Huba a falu nyugati sz\u00e9l\u00e9n, a lakott\u00a0ter\u00fclett\u0151l mintegy 700 m\u00e9terre a patak medre f\u00f6l\u00e9\u00a0kiugr\u00f3 kis k\u00fapon hat\u00e1rozta meg a v\u00e1r hely\u00e9t. Az\u00a0\u00e9szaki ir\u00e1nyban elny\u00fal\u00f3 b\u00e9rc v\u00e9g\u00e9n mesters\u00e9ges\u00a0\u00e1tv\u00e1g\u00e1st (s\u00e1nc\u00e1rkot) figyelt meg, a v\u00e1r ter\u00fclet\u00e9n\u00a0pedig egy g\u00f6dr\u00f6t \u00e9s paticsdarabokat tal\u00e1lt.\u00a0\u00c1ll\u00edt\u00e1sa szerint a b\u00e9rc alatt fut\u00f3 patak\u00a0mederfal\u00e1ban emberi csontok, pattintott\u00a0k\u0151eszk\u00f6z\u00f6k ker\u00fcltek el\u0151.\u00a0A helymeghat\u00e1roz\u00e1s bizonytalans\u00e1ga a\u00a0t\u00e9rk\u00e9peken rossz helyen jel\u00f6lt ,,V\u00e1rtet\u0151\u201d feliratra\u00a0vezethet\u0151 vissza. A III. katonai felm\u00e9r\u00e9sen a\u00a0k\u00f6zs\u00e9g felett d\u00e9lnyugatra emelked\u0151 hegyen\u00a0olvashat\u00f3 a \u201eV\u00e1r-tet\u0151 280\u201d felirat, de ugyanezt a\u00a0t\u00e9ved\u00e9st tal\u00e1ljuk a M\u00e1tra \u00fajabb turistat\u00e9rk\u00e9pein is.\u00a02014-ben Fejes Erik terepbej\u00e1r\u00e1s\u00e1val tiszt\u00e1zta ezt\u00a0a felirati t\u00e9ved\u00e9st \u00e9s a v\u00e1r hely\u00e9t a szomsz\u00e9dos,\u00a0nyugatra es\u0151, viszonylag keskeny hegygerinc\u00a0\u00e9szaki v\u00e9g\u00e9n hat\u00e1rozta meg.<img decoding=\"async\" loading=\"lazy\" class=\"size-medium wp-image-241 aligncenter\" src=\"http:\/\/www.kisfuzes.hu\/wp-content\/uploads\/2016\/08\/v1-300x276.jpg\" alt=\"v1\" width=\"300\" height=\"276\" srcset=\"https:\/\/www.kisfuzes.hu\/wp-content\/uploads\/2016\/08\/v1-300x276.jpg 300w, https:\/\/www.kisfuzes.hu\/wp-content\/uploads\/2016\/08\/v1-624x575.jpg 624w, https:\/\/www.kisfuzes.hu\/wp-content\/uploads\/2016\/08\/v1.jpg 650w\" sizes=\"(max-width: 300px) 100vw, 300px\" \/><\/p>\n<p style=\"text-align: center;\"><em>A Kisf\u00fczesi V\u00e1rtet\u0151 fekv\u00e9se<\/em><\/p>\n<p style=\"text-align: justify;\">A Kisf\u00fczesi V\u00e1rtet\u0151 fekv\u00e9se\u00a0A felkutatott adatok alapj\u00e1n Nov\u00e1ki Gyula 2014.\u00a0augusztus 16. napj\u00e1n kereste fel Kisf\u00fczes v\u00e1r\u00e1t.\u00a0Az \u00e9szaki ir\u00e1nyba elny\u00fal\u00f3 b\u00e9rc v\u00e9g\u00e9n \u00e9rt\u00fck el a\u00a0v\u00e1rat, ahonnan j\u00f3 r\u00e1l\u00e1t\u00e1s ny\u00edlik falut szeg\u00e9lyez\u0151\u00a0dombok k\u00f6z\u00f6tt \u00e1tj\u00e1r\u00e1st biztos\u00edt\u00f3 \u00e9szaknyugatd\u00e9lkeleti,\u00a0illet\u0151leg kelet-nyugati ir\u00e1ny\u00fa v\u00f6lgyekre.\u00a0Az \u00e9szaki ir\u00e1nyba elny\u00fal\u00f3 b\u00e9rc v\u00e9g\u00e9n tal\u00e1lhat\u00f3\u00a0er\u0151ss\u00e9g \u2013 megk\u00f6zel\u00edt\u0151leg n\u00e9gysz\u00f6g alak\u00fa, er\u0151sen\u00a0lekerek\u00edtett sark\u00fa \u2013 bels\u0151 ter\u00fclet\u00e9nek nincs\u00a0hat\u00e1rozott pereme. A v\u00e1r egy kb. 17 m\u00e9ter hossz\u00fa\u00a0\u00e9s 11 m\u00e9ter sz\u00e9les szinte teljesen lapos ter\u00fcletet\u00a0foglal mag\u00e1ban, melyen bolygat\u00e1snak nincs\u00a0nyoma. \u00c9szaki v\u00e9g\u00e9n egy r\u00f6vid, keskeny \u00e9s\u00a0sek\u00e9ly, \u00edvben fut\u00f3 \u00e1rok figyelhet\u0151 meg, ez\u00a0azonban nem tartozik a v\u00e1rhoz, tal\u00e1n \u00fajkori\u00a0l\u00f6v\u00e9sz\u00e1rok lehetett.\u00a0A v\u00e1r minden oldalr\u00f3l csak igen meredek\u00a0emelked\u0151n \u00e1t k\u00f6zel\u00edthet\u0151 meg, csup\u00e1n d\u00e9l fel\u0151l az\u00a0azonos magass\u00e1g\u00fa gerinc fel\u0151l volt t\u00e1madhat\u00f3, itt\u00a0azonban egy s\u00e1nc\u00e1rkot alak\u00edtottak ki. A v\u00e1rnak ez\u00a0az egyetlen mesters\u00e9ges er\u0151d\u00edt\u00e9se, melynek 19\u00a0m\u00e9ter hossz\u00fa, \u00e1tlagosan 10 m\u00e9ter sz\u00e9less\u00e9g\u0171 \u00e9s 1\u00a0m\u00e9ter m\u00e9lys\u00e9g\u0171 r\u00e9sze ma is j\u00f3l kivehet\u0151.\u00a0A kis v\u00e1r jellege alapj\u00e1n k\u00f6z\u00e9pkori lehet, enn\u00e9l\u00a0k\u00f6zelebbi meghat\u00e1roz\u00e1sra csak \u00e1sat\u00e1s r\u00e9v\u00e9n lesz\u00a0lehet\u0151s\u00e9g. Kialak\u00edt\u00e1sa, illet\u0151leg fekv\u00e9se alapj\u00e1n\u00a0feltehet\u0151, hogy els\u0151dlegesen \u0151rhelyk\u00e9nt szolg\u00e1lt,\u00a0amit a legk\u00f6nnyebben t\u00e1madhat\u00f3 oldal\u00e1r\u00f3l\u00a0s\u00e1nc\u00e1rokkal er\u0151d\u00edtettek.<\/p>\n<p style=\"text-align: right;\"><strong><em>Sz\u00f6veg: Fejes Erik \u00e9s Nov\u00e1ki Gyula<\/em><\/strong><\/p>\n<p><strong><em>,<\/em><\/strong><br \/>\n<strong><em>A v\u00e1zlatos felm\u00e9r\u00e9st Nov\u00e1ki Gyula v\u00e9gezte a jelenl\u00e9v\u0151k k\u00f6zrem\u0171k\u00f6d\u00e9s\u00e9vel, a f\u00e9nyk\u00e9peket pedig Kov\u00e1cs Lajos k\u00e9sz\u00edtette.<\/em><\/strong><\/p>\n","protected":false},"excerpt":{"rendered":"<p>Kev\u00e9s olyan magyar telep\u00fcl\u00e9s van, melynek\u00a0ter\u00fclet\u00e9n ne lenne legal\u00e1bb egy v\u00e1r vagy egy\u00e9b\u00a0er\u0151d\u00edtett hely. K\u00fcl\u00f6n\u00f6sen igaz ez a meg\u00e1llap\u00edt\u00e1s a\u00a0hegyes-v\u00f6lgyes t\u00e1jakra, \u00edgy a M\u00e1tra vid\u00e9k\u00e9re,\u00a0ahol egym\u00e1st \u00e9rik a k\u00fcl\u00f6nb\u00f6z\u0151 t\u00f6rt\u00e9nelmi\u00a0korokban emelt er\u0151ss\u00e9gek. Ezek egy&#46;&#46;&#46;<\/p>\n","protected":false},"author":1,"featured_media":0,"comment_status":"closed","ping_status":"open","sticky":false,"template":"","format":"standard","meta":[],"categories":[1],"tags":[],"_links":{"self":[{"href":"https:\/\/www.kisfuzes.hu\/index.php?rest_route=\/wp\/v2\/posts\/240"}],"collection":[{"href":"https:\/\/www.kisfuzes.hu\/index.php?rest_route=\/wp\/v2\/posts"}],"about":[{"href":"https:\/\/www.kisfuzes.hu\/index.php?rest_route=\/wp\/v2\/types\/post"}],"author":[{"embeddable":true,"href":"https:\/\/www.kisfuzes.hu\/index.php?rest_route=\/wp\/v2\/users\/1"}],"replies":[{"embeddable":true,"href":"https:\/\/www.kisfuzes.hu\/index.php?rest_route=%2Fwp%2Fv2%2Fcomments&post=240"}],"version-history":[{"count":1,"href":"https:\/\/www.kisfuzes.hu\/index.php?rest_route=\/wp\/v2\/posts\/240\/revisions"}],"predecessor-version":[{"id":243,"href":"https:\/\/www.kisfuzes.hu\/index.php?rest_route=\/wp\/v2\/posts\/240\/revisions\/243"}],"wp:attachment":[{"href":"https:\/\/www.kisfuzes.hu\/index.php?rest_route=%2Fwp%2Fv2%2Fmedia&parent=240"}],"wp:term":[{"taxonomy":"category","embeddable":true,"href":"https:\/\/www.kisfuzes.hu\/index.php?rest_route=%2Fwp%2Fv2%2Fcategories&post=240"},{"taxonomy":"post_tag","embeddable":true,"href":"https:\/\/www.kisfuzes.hu\/index.php?rest_route=%2Fwp%2Fv2%2Ftags&post=240"}],"curies":[{"name":"wp","href":"https:\/\/api.w.org\/{rel}","templated":true}]}}