{"id":213,"date":"2016-08-21T17:10:30","date_gmt":"2016-08-21T17:10:30","guid":{"rendered":"http:\/\/www.kisfuzes.hu\/?p=213"},"modified":"2019-02-07T13:38:30","modified_gmt":"2019-02-07T13:38:30","slug":"karacsonyi-unnepseg","status":"publish","type":"post","link":"https:\/\/www.kisfuzes.hu\/?p=213","title":{"rendered":"Kar\u00e1csonyi \u00fcnneps\u00e9g"},"content":{"rendered":"<p style=\"text-align: justify;\"><img decoding=\"async\" loading=\"lazy\" class=\"size-medium wp-image-214 aligncenter\" src=\"http:\/\/www.kisfuzes.hu\/wp-content\/uploads\/2016\/08\/kar-300x183.jpg\" alt=\"kar\" width=\"300\" height=\"183\" srcset=\"https:\/\/www.kisfuzes.hu\/wp-content\/uploads\/2016\/08\/kar-300x183.jpg 300w, https:\/\/www.kisfuzes.hu\/wp-content\/uploads\/2016\/08\/kar-624x380.jpg 624w, https:\/\/www.kisfuzes.hu\/wp-content\/uploads\/2016\/08\/kar.jpg 640w\" sizes=\"(max-width: 300px) 100vw, 300px\" \/>Amint a bevezet\u0151ben \u00edrtam itt van v\u00e9gre a\u00a0kar\u00e1csony az \u00e9v legszebb \u00fcnnepe. Ak\u00e1rcsak a\u00a0tavalyi \u00e9vben az id\u00e9n sem maradhat el a\u00a0Kar\u00e1csonyi \u00dcnneps\u00e9g, amely december 19-\u00e9n\u00a0szombaton d\u00e9lut\u00e1n 14:00 \u00f3rakor ker\u00fcl\u00a0megrendez\u00e9sre a Kisf\u00fczesi M\u0171vel\u0151d\u00e9si h\u00e1zban.\u00a0Ez\u00faton szeretn\u00e9k minden Kisf\u00fczesi lakost\u00a0megh\u00edvni, hogy \u00fcnnepelj\u00fck egy\u00fctt a kar\u00e1csonyt.<\/p>\n<p style=\"text-align: justify;\">A Falukar\u00e1csony \u00fcnnepi programja:<br \/>\n14:00: \u2013 Megnyit\u00f3<br \/>\n14:10: \u2013 Iv\u00e1di Sz\u00ednj\u00e1tsz\u00f3 csoport m\u0171sora<br \/>\n14:30: \u2013 P\u00e9terv\u00e1s\u00e1rai \u00f3vod\u00e1sok m\u0171sora<\/p>\n<p style=\"text-align: justify;\">\nA m\u0171sor ut\u00e1n k\u00f6tetlen besz\u00e9lget\u00e9s forralt bor, tea,\u00a0s\u00fctem\u00e9ny \u00e9s egy\u00e9b finoms\u00e1gok mellett.\u00a0Az elm\u00falt \u00e9vben megrendezett Falukar\u00e1csonyhoz\u00a0hasonl\u00f3an id\u00e9n is sz\u00edvesen fogadjuk, ha az\u00a0ell\u00e1togat\u00f3 lakosok s\u00fctem\u00e9nyt, pog\u00e1cs\u00e1t k\u00e9sz\u00edtenek\u00a0erre az alkalomra.\u00a0Mint ahogyan minden \u00e9vben szok\u00e1s, ez az \u00fcnnep\u00a0sem m\u00falhat el aj\u00e1nd\u00e9koz\u00e1s n\u00e9lk\u00fcl. M\u00e1r-m\u00e1r\u00a0hagyom\u00e1ny, hogy kar\u00e1csonykor minden csal\u00e1d az\u00a0\u00d6nkorm\u00e1nyzatt\u00f3l aj\u00e1nd\u00e9kcsomagot kap. Ez id\u00e9n\u00a0sem lesz m\u00e1sk\u00e9ppen, ezzel az apr\u00f3s\u00e1ggal is\u00a0kedveskedve mindenkinek.\u00a0A csomagok kioszt\u00e1sa m\u00e1r az \u00fcnneps\u00e9g ut\u00e1n\u00a0megkezd\u0151dik. Amennyiben a csomagot nem az\u00a0\u00fcnneps\u00e9gen szeretn\u00e9k \u00e1tvenni, az elk\u00f6vetkezend\u0151\u00a0napokban mindenki meg fogja azt kapni.\u00a0A Falukar\u00e1csony is kicsit m\u00e1sabb, mint az eddigi\u00a0\u00e9vekben. Elkezd\u0151d\u00f6tt egy l\u00e1tv\u00e1nyosabb folyamat\u00a0id\u00e9n m\u00e9g csak kicsiben, de \u00e9vr\u0151l \u00e9vre sz\u00ednesebb\u00a0lesz az \u00e9v utols\u00f3 h\u00f3napja Kisf\u00fczesen. A\u00a0Polg\u00e1rmesteri Hivatal el\u0151tt, az aut\u00f3busz fordul\u00f3\u00a0k\u00f6zep\u00e9n \u00e1ll egy h\u00e1rom m\u00e9teres kar\u00e1csonyfa,\u00a0amelyet a K\u00f6nyvt\u00e1rban k\u00e9sz\u00fclt d\u00edszekkel\u00a0d\u00edsz\u00edtettek fel az odal\u00e1togat\u00f3 vend\u00e9gek. A\u00a0kar\u00e1csonyfa, a Hivatal \u00e9s a M\u0171vel\u0151d\u00e9si H\u00e1z\u00a0ablakai is f\u00e9nyf\u00fcz\u00e9rekkel lettek feld\u00edsz\u00edtve,\u00a0megalapozva ezzel az \u00fcnnepi hangulatot.<\/p>\n<p style=\"text-align: right;\">\n<strong><em>Menyh\u00e1rt Bal\u00e1zs polg\u00e1rmester<\/em><\/strong><\/p>\n","protected":false},"excerpt":{"rendered":"<p>Amint a bevezet\u0151ben \u00edrtam itt van v\u00e9gre a\u00a0kar\u00e1csony az \u00e9v legszebb \u00fcnnepe. Ak\u00e1rcsak a\u00a0tavalyi \u00e9vben az id\u00e9n sem maradhat el a\u00a0Kar\u00e1csonyi \u00dcnneps\u00e9g, amely december 19-\u00e9n\u00a0szombaton d\u00e9lut\u00e1n 14:00 \u00f3rakor ker\u00fcl\u00a0megrendez\u00e9sre a Kisf\u00fczesi M\u0171vel\u0151d\u00e9si h\u00e1zban.\u00a0Ez\u00faton szeretn\u00e9k&#46;&#46;&#46;<\/p>\n","protected":false},"author":1,"featured_media":0,"comment_status":"closed","ping_status":"open","sticky":false,"template":"","format":"standard","meta":[],"categories":[37,12],"tags":[],"_links":{"self":[{"href":"https:\/\/www.kisfuzes.hu\/index.php?rest_route=\/wp\/v2\/posts\/213"}],"collection":[{"href":"https:\/\/www.kisfuzes.hu\/index.php?rest_route=\/wp\/v2\/posts"}],"about":[{"href":"https:\/\/www.kisfuzes.hu\/index.php?rest_route=\/wp\/v2\/types\/post"}],"author":[{"embeddable":true,"href":"https:\/\/www.kisfuzes.hu\/index.php?rest_route=\/wp\/v2\/users\/1"}],"replies":[{"embeddable":true,"href":"https:\/\/www.kisfuzes.hu\/index.php?rest_route=%2Fwp%2Fv2%2Fcomments&post=213"}],"version-history":[{"count":1,"href":"https:\/\/www.kisfuzes.hu\/index.php?rest_route=\/wp\/v2\/posts\/213\/revisions"}],"predecessor-version":[{"id":215,"href":"https:\/\/www.kisfuzes.hu\/index.php?rest_route=\/wp\/v2\/posts\/213\/revisions\/215"}],"wp:attachment":[{"href":"https:\/\/www.kisfuzes.hu\/index.php?rest_route=%2Fwp%2Fv2%2Fmedia&parent=213"}],"wp:term":[{"taxonomy":"category","embeddable":true,"href":"https:\/\/www.kisfuzes.hu\/index.php?rest_route=%2Fwp%2Fv2%2Fcategories&post=213"},{"taxonomy":"post_tag","embeddable":true,"href":"https:\/\/www.kisfuzes.hu\/index.php?rest_route=%2Fwp%2Fv2%2Ftags&post=213"}],"curies":[{"name":"wp","href":"https:\/\/api.w.org\/{rel}","templated":true}]}}