{"id":832,"date":"2020-06-22T09:10:46","date_gmt":"2020-06-22T09:10:46","guid":{"rendered":"http:\/\/www.kisfuzes.hu\/?p=832"},"modified":"2020-06-22T09:10:46","modified_gmt":"2020-06-22T09:10:46","slug":"2020-junius-18-napjatol-megszunt-a-veszelyhelyzet","status":"publish","type":"post","link":"http:\/\/www.kisfuzes.hu\/?p=832","title":{"rendered":"2020. j\u00fanius 18. napj\u00e1t\u00f3l megsz\u0171nt a vesz\u00e9lyhelyzet"},"content":{"rendered":"<p>A korm\u00e1ny j\u00fanius 18-ai hat\u00e1llyal visszavonta a m\u00e1rcius 11-\u00e9n elrendelt vesz\u00e9lyhelyzetet, de ezzel p\u00e1rhuzamosan az eg\u00e9szs\u00e9g\u00fcgyi v\u00e1ls\u00e1ghelyzet elrendel\u00e9s\u00e9vel j\u00e1rv\u00e1ny\u00fcgyi k\u00e9sz\u00fclts\u00e9get vezetett be.<\/p>\n<p>A Magyar K\u00f6zl\u00f6ny 144. sz\u00e1m\u00e1ban jelent meg a 2020. \u00e9vi LVII. t\u00f6rv\u00e9ny a vesz\u00e9lyhelyzet megsz\u00fcntet\u00e9s\u00e9r\u0151l. Emellett megjelent a Magyar K\u00f6zl\u00f6ny 145. sz\u00e1m\u00e1ban a 2020. m\u00e1rcius 11-\u00e9n kihirdetett vesz\u00e9lyhelyzet megsz\u00fcntet\u00e9s\u00e9r\u0151l sz\u00f3l\u00f3 282\/2020. (VI. 17.) Korm\u00e1nyrendelet.<\/p>\n<p>A t\u00f6rv\u00e9ny \u00e9s a korm\u00e1nyrendelet a kihirdet\u00e9st k\u00f6vet\u0151 nap, azaz 2020. j\u00fanius 18. napj\u00e1n m\u00e1r hat\u00e1lyba is l\u00e9pett, \u00edgy ett\u0151l az id\u0151pontt\u00f3l v\u00e9ge a vesz\u00e9lyhelyzetnek.<\/p>\n<p>A Magyar K\u00f6zl\u00f6nyben egy\u00fattal megjelent a vesz\u00e9lyhelyzet megsz\u0171n\u00e9s\u00e9vel \u00f6sszef\u00fcgg\u0151 \u00e1tmeneti szab\u00e1lyokr\u00f3l \u00e9s a j\u00e1rv\u00e1ny\u00fcgyi k\u00e9sz\u00fclts\u00e9gr\u0151l sz\u00f3l\u00f3 2020. \u00e9vi LVIII. t\u00f6rv\u00e9ny, amely egyebek mellett az ad\u00f3k\u00f6telezetts\u00e9gek teljes\u00edt\u00e9s\u00e9vel kapcsolatos k\u00f6nny\u00edt\u00e9seket tartalmaz \u00e9s az ad\u00f3igazgat\u00e1si szab\u00e1lyok \u00e1tmeneti alkalmaz\u00e1s\u00e1r\u00f3l is rendelkezik. A t\u00f6rv\u00e9ny szerint a hitelmorat\u00f3rium az \u00e9v v\u00e9g\u00e9ig fennmarad. A magyar \u00e1llampolg\u00e1rok Magyarorsz\u00e1g ter\u00fclet\u00e9n hat\u00e1lyos, lej\u00e1r\u00f3 hivatalos okm\u00e1nyai a vesz\u00e9lyhelyzet megsz\u0171n\u00e9s\u00e9t k\u00f6vet\u0151 180 napig \u00e9rv\u00e9nyesek. Az iskol\u00e1k j\u00fanius 26-ig fel\u00fcgyeletet \u00e9s \u00e9tkez\u00e9st biztos\u00edtanak.<\/p>\n<p>A j\u00e1rv\u00e1ny\u00fcgyi k\u00e9sz\u00fclts\u00e9gi id\u0151szak v\u00e9delmi int\u00e9zked\u00e9seir\u0151l sz\u00f3l\u00f3 285\/2020. (VI. 17.) Korm. rendelet alapj\u00e1n 2020. j\u00fanius 18-t\u00f3l megsz\u0171nt az id\u0151sek v\u00e1s\u00e1rl\u00e1si id\u0151s\u00e1vja, de \u00e9letben maradt m\u00e9g n\u00e9h\u00e1ny v\u00e9delmi int\u00e9zked\u00e9s az al\u00e1bbiak szerint:<\/p>\n<p>    \u00dczletekben, t\u00f6megk\u00f6zleked\u00e9si eszk\u00f6z\u00f6k\u00f6n \u2013 a hat \u00e9ven aluli kiskor\u00faak kiv\u00e9tel\u00e9vel \u2013 mindenki k\u00f6teles az orrot \u00e9s a sz\u00e1jat eltakar\u00f3 eszk\u00f6zt (pl. orvosi maszk, s\u00e1l, kend\u0151) viselni.<\/p>\n<p>    A 65. \u00e9let\u00e9v\u00fcket bet\u00f6lt\u00f6tt szem\u00e9lyekre vonatkoz\u00f3 id\u0151korl\u00e1toz\u00e1s megsz\u0171nik, az \u00fczleteket \u2013 az \u00e9lelmiszer\u00fczletet, drog\u00e9ri\u00e1t, gy\u00f3gyszert\u00e1rat, gy\u00f3gyszert \u00e9s gy\u00f3gy\u00e1szati seg\u00e9deszk\u00f6zt forgalmaz\u00f3 \u00fczletet is \u2013 nyitvatart\u00e1si id\u0151n bel\u00fcl b\u00e1rki, b\u00e1rmikor szabadon l\u00e1togathatja.<\/p>\n<p>    A vend\u00e9gl\u00e1t\u00f3 \u00fczletek bels\u0151, z\u00e1rt, vend\u00e9gek \u00e1ltal l\u00e1togathat\u00f3 r\u00e9sz\u00e9ben az ott dolgoz\u00f3k k\u00f6telesek a sz\u00e1jat \u00e9s az orrot eltakar\u00f3 eszk\u00f6zt viselni.<\/p>\n<p>    A zen\u00e9s t\u00e1ncos rendezv\u00e9nyek szabadt\u00e9ren \u00e9s z\u00e1rt helyen is megtarthat\u00f3k azzal a felt\u00e9tellel, hogy a jelenl\u00e9v\u0151k sz\u00e1ma (bele\u00e9rtve az ott foglalkoztatott szem\u00e9lyeket is) nem haladhatja meg az 500 f\u0151t.<\/p>\n<p>Az orsz\u00e1gos vesz\u00e9lyhelyzet megsz\u0171n\u00e9s\u00e9vel P\u00e9terv\u00e1s\u00e1r\u00e1n a V\u00e1rosi Piacon polg\u00e1rmesteri hat\u00e1sk\u00f6rben elrendelt id\u0151s\u00e1v is megsz\u0171nik, a piacot nyitvatart\u00e1si id\u0151ben b\u00e1rki, b\u00e1rmikor szabadon l\u00e1togathatja.<\/p>\n<p>A P\u00e9terv\u00e1s\u00e1rai K\u00f6z\u00f6s \u00d6nkorm\u00e1nyzati Hivatalban, az Eg\u00e9szs\u00e9g\u00fcgyi K\u00f6zpontban, az Orvosi \u00dcgyeleten, az \u201cAranykapu\u201d Hum\u00e1n Szolg\u00e1ltat\u00f3 k\u00f6zpontban sz\u00e1jmaszk visel\u00e9se \u00e9s a v\u00e9d\u0151t\u00e1vols\u00e1g megtart\u00e1sa a tov\u00e1bbiakban is k\u00f6telez\u0151.<\/p>\n<p>Az \u00f6nkorm\u00e1nyzati int\u00e9zm\u00e9nyek nyitvatart\u00e1s\u00e1nak \u00e9s l\u00e1togathat\u00f3s\u00e1g\u00e1nak v\u00e1ltoz\u00e1s\u00e1t folyamatosan k\u00eds\u00e9rj\u00e9k figyelemmel.<\/p>\n","protected":false},"excerpt":{"rendered":"<p>A korm\u00e1ny j\u00fanius 18-ai hat\u00e1llyal visszavonta a m\u00e1rcius 11-\u00e9n elrendelt vesz\u00e9lyhelyzetet, de ezzel p\u00e1rhuzamosan az eg\u00e9szs\u00e9g\u00fcgyi v\u00e1ls\u00e1ghelyzet elrendel\u00e9s\u00e9vel j\u00e1rv\u00e1ny\u00fcgyi k\u00e9sz\u00fclts\u00e9get vezetett be. A Magyar K\u00f6zl\u00f6ny 144. sz\u00e1m\u00e1ban jelent meg a 2020. \u00e9vi LVII. t\u00f6rv\u00e9ny&#46;&#46;&#46;<\/p>\n","protected":false},"author":1,"featured_media":835,"comment_status":"closed","ping_status":"open","sticky":false,"template":"","format":"standard","meta":[],"categories":[42,12],"tags":[],"_links":{"self":[{"href":"http:\/\/www.kisfuzes.hu\/index.php?rest_route=\/wp\/v2\/posts\/832"}],"collection":[{"href":"http:\/\/www.kisfuzes.hu\/index.php?rest_route=\/wp\/v2\/posts"}],"about":[{"href":"http:\/\/www.kisfuzes.hu\/index.php?rest_route=\/wp\/v2\/types\/post"}],"author":[{"embeddable":true,"href":"http:\/\/www.kisfuzes.hu\/index.php?rest_route=\/wp\/v2\/users\/1"}],"replies":[{"embeddable":true,"href":"http:\/\/www.kisfuzes.hu\/index.php?rest_route=%2Fwp%2Fv2%2Fcomments&post=832"}],"version-history":[{"count":1,"href":"http:\/\/www.kisfuzes.hu\/index.php?rest_route=\/wp\/v2\/posts\/832\/revisions"}],"predecessor-version":[{"id":833,"href":"http:\/\/www.kisfuzes.hu\/index.php?rest_route=\/wp\/v2\/posts\/832\/revisions\/833"}],"wp:featuredmedia":[{"embeddable":true,"href":"http:\/\/www.kisfuzes.hu\/index.php?rest_route=\/wp\/v2\/media\/835"}],"wp:attachment":[{"href":"http:\/\/www.kisfuzes.hu\/index.php?rest_route=%2Fwp%2Fv2%2Fmedia&parent=832"}],"wp:term":[{"taxonomy":"category","embeddable":true,"href":"http:\/\/www.kisfuzes.hu\/index.php?rest_route=%2Fwp%2Fv2%2Fcategories&post=832"},{"taxonomy":"post_tag","embeddable":true,"href":"http:\/\/www.kisfuzes.hu\/index.php?rest_route=%2Fwp%2Fv2%2Ftags&post=832"}],"curies":[{"name":"wp","href":"https:\/\/api.w.org\/{rel}","templated":true}]}}