{"id":803,"date":"2020-06-05T07:51:35","date_gmt":"2020-06-05T07:51:35","guid":{"rendered":"http:\/\/www.kisfuzes.hu\/?p=803"},"modified":"2020-06-22T08:55:46","modified_gmt":"2020-06-22T08:55:46","slug":"100-eves-a-trianoni-bekeszerzodes","status":"publish","type":"post","link":"http:\/\/www.kisfuzes.hu\/?p=803","title":{"rendered":"100 \u00e9ves a Trianoni b\u00e9keszerz\u0151d\u00e9s"},"content":{"rendered":"\n<p><strong>100 \u00e9ves a Trianoni b\u00e9keszerz\u0151d\u00e9s<\/strong><\/p>\n\n\n\n<p>A <strong>trianoni b\u00e9keszerz\u0151d\u00e9s<\/strong> (magyar forr\u00e1sokban gyakran <strong>b\u00e9kedikt\u00e1tum<\/strong>) az <a href=\"https:\/\/hu.wikipedia.org\/wiki\/Els%C5%91_vil%C3%A1gh%C3%A1bor%C3%BA\">els\u0151 vil\u00e1gh\u00e1bor\u00fat<\/a> lez\u00e1r\u00f3 <a href=\"https:\/\/hu.wikipedia.org\/wiki\/P%C3%A1rizs_k%C3%B6rny%C3%A9ki_b%C3%A9keszerz%C5%91d%C3%A9sek\">P\u00e1rizs k\u00f6rny\u00e9ki b\u00e9keszerz\u0151d\u00e9sek<\/a> rendszer\u00e9nek r\u00e9szek\u00e9nt a h\u00e1bor\u00faban vesztes <a href=\"https:\/\/hu.wikipedia.org\/wiki\/Magyar_Kir%C3%A1lys%C3%A1g\">Magyarorsz\u00e1g<\/a> (mint az <a href=\"https:\/\/hu.wikipedia.org\/wiki\/Osztr%C3%A1k%E2%80%93Magyar_Monarchia\">Osztr\u00e1k\u2013Magyar Monarchia<\/a> egyik ut\u00f3d\u00e1llama) \u00e9s a h\u00e1bor\u00faban gy\u0151ztes <a href=\"https:\/\/hu.wikipedia.org\/wiki\/Antant\">antant<\/a> sz\u00f6vets\u00e9g hatalmai (<a href=\"https:\/\/hu.wikipedia.org\/wiki\/Nagy-Britannia_%C3%A9s_%C3%8Drorsz%C3%A1g_Egyes%C3%BClt_Kir%C3%A1lys%C3%A1ga\">Nagy-Britannia<\/a>, <a href=\"https:\/\/hu.wikipedia.org\/wiki\/Franciaorsz%C3%A1g\">Franciaorsz\u00e1g<\/a>, <a href=\"https:\/\/hu.wikipedia.org\/wiki\/Olasz_Kir%C3%A1lys%C3%A1g\">Olaszorsz\u00e1g<\/a>, <a href=\"https:\/\/hu.wikipedia.org\/wiki\/Jap%C3%A1n_Birodalom\">Jap\u00e1n<\/a>, <a href=\"https:\/\/hu.wikipedia.org\/wiki\/Belgium\">Belgium<\/a>, <a href=\"https:\/\/hu.wikipedia.org\/wiki\/K%C3%ADnai_K%C3%B6zt%C3%A1rsas%C3%A1g\">K\u00edna<\/a>, <a href=\"https:\/\/hu.wikipedia.org\/wiki\/Kuba\">Kuba<\/a>, <a href=\"https:\/\/hu.wikipedia.org\/wiki\/G%C3%B6r%C3%B6gorsz%C3%A1g\">G\u00f6r\u00f6gorsz\u00e1g<\/a>, <a href=\"https:\/\/hu.wikipedia.org\/wiki\/Nicaragua\">Nicaragua<\/a>, <a href=\"https:\/\/hu.wikipedia.org\/wiki\/Panama\">Panama<\/a>, <a href=\"https:\/\/hu.wikipedia.org\/wiki\/Lengyelorsz%C3%A1g\">Lengyelorsz\u00e1g<\/a>, <a href=\"https:\/\/hu.wikipedia.org\/wiki\/Portug%C3%A1lia\">Portug\u00e1lia<\/a>, <a href=\"https:\/\/hu.wikipedia.org\/wiki\/Rom%C3%A1n_Kir%C3%A1lys%C3%A1g\">Rom\u00e1nia<\/a>, a <a href=\"https:\/\/hu.wikipedia.org\/wiki\/Jugoszl%C3%A1v_Kir%C3%A1lys%C3%A1g\">Szerb-Horv\u00e1t-Szlov\u00e9n \u00c1llam<\/a>, <a href=\"https:\/\/hu.wikipedia.org\/wiki\/Thaif%C3%B6ld\">Szi\u00e1m<\/a> \u00e9s <a href=\"https:\/\/hu.wikipedia.org\/wiki\/Csehszlov%C3%A1kia\">Cseh-Szlov\u00e1korsz\u00e1g<\/a>) k\u00f6z\u00f6tt l\u00e9trej\u00f6tt b\u00e9keszerz\u0151d\u00e9s, amely t\u00f6bbek k\u00f6z\u00f6tt az <a href=\"https:\/\/hu.wikipedia.org\/wiki\/Osztr%C3%A1k%E2%80%93Magyar_Monarchia\">Osztr\u00e1k\u2013Magyar Monarchia<\/a> felboml\u00e1sa miatt meghat\u00e1rozta Magyarorsz\u00e1g \u00faj hat\u00e1rait \u00e9s sok kis multinacion\u00e1lis \u00e1llamot hozott l\u00e9tre a birodalom helyett.<\/p>\n\n\n\n<p><strong>A szerz\u0151d\u00e9st a felek, budapesti id\u0151 szerint <\/strong><a href=\"https:\/\/hu.wikipedia.org\/wiki\/1920\"><strong>1920<\/strong><\/a><strong>. <\/strong><a href=\"https:\/\/hu.wikipedia.org\/wiki\/J%C3%BAnius_4.\"><strong>j\u00fanius 4-\u00e9n<\/strong><\/a><strong> 16:32-kor \u00edrt\u00e1k al\u00e1 a <\/strong><a href=\"https:\/\/hu.wikipedia.org\/wiki\/Versailles\"><strong>versaillesi<\/strong><\/a><strong> <\/strong><a href=\"https:\/\/hu.wikipedia.org\/wiki\/Nagy-Trianon\"><strong>Nagy Trianon-kast\u00e9ly<\/strong><\/a><strong> 52 m\u00e9ter hossz\u00fa \u00e9s 7 m\u00e9ter sz\u00e9les folyos\u00f3j\u00e1n, a La gal\u00e9rie des Cotelles-ben.<\/strong><\/p>\n\n\n\n<p>A szerz\u0151d\u00e9sben a gy\u0151ztes felek kijelentett\u00e9k, hogy Magyarorsz\u00e1g felel\u0151s a h\u00e1bor\u00faban gy\u0151ztes <a href=\"https:\/\/hu.wikipedia.org\/wiki\/%C3%81llam\">\u00e1llamoknak<\/a> okozott k\u00e1rok\u00e9rt (161. cikk), a VIII. r\u00e9sz tov\u00e1bbi cikkeiben \u00e9s f\u00fcggel\u00e9keiben pedig r\u00e9szletesen szab\u00e1lyozt\u00e1k az ennek k\u00f6vetkezt\u00e9ben teljes\u00edtend\u0151 j\u00f3v\u00e1t\u00e9tel felt\u00e9teleit.<\/p>\n\n\n\n<p>A szerz\u0151d\u00e9sbe foglalt meg\u00e1llap\u00edt\u00e1sok megegyeztek az <a href=\"https:\/\/hu.wikipedia.org\/wiki\/Edvard_Bene%C5%A1\">Edvard Bene\u0161<\/a> cseh politikus \u00e1ltal megfogalmazottakkal, aki \u00edgy v\u00e9lekedett: <em>\u201eAz eg\u00e9sz vil\u00e1g elborzadt &#8230; \u00e9s meg\u00e9rtette, hogy a h\u00e1bor\u00fat nem egyed\u00fcl az egykori Osztr\u00e1k\u2013Magyar Monarchia v\u00e9gzetes politik\u00e1ja robbantotta ki, hanem sokkal ink\u00e1bb Budapesten, mint B\u00e9csben k\u00e9sz\u00edtett\u00e9k el\u0151.\u201d<\/em><\/p>\n\n\n\n<p><strong>A trianoni b\u00e9keszerz\u0151d\u00e9st a Magyar Kir\u00e1lys\u00e1g nev\u00e9ben az 1920 m\u00e1rcius\u00e1ban <\/strong><a href=\"https:\/\/hu.wikipedia.org\/wiki\/Horthy_Mikl%C3%B3s_(korm%C3%A1nyz%C3%B3)\"><strong>Horthy Mikl\u00f3s<\/strong><\/a><strong> \u00e1ltal kinevezett <\/strong><a href=\"https:\/\/hu.wikipedia.org\/wiki\/Simonyi-Semadam-korm%C3%A1ny\"><strong>Simonyi-Semadam-korm\u00e1ny<\/strong><\/a><strong> k\u00e9pviselet\u00e9ben \u00e9s felhatalmaz\u00e1s\u00e1val <\/strong><a href=\"https:\/\/hu.wikipedia.org\/wiki\/Ben%C3%A1rd_%C3%81gost\"><strong>Ben\u00e1rd \u00c1gost<\/strong><\/a><strong>, a magyar korm\u00e1ny <\/strong><a href=\"https:\/\/hu.wikipedia.org\/w\/index.php?title=N%C3%A9pj%C3%B3l%C3%A9ti_%C3%A9s_Munka%C3%BCgyi_Miniszt%C3%A9rium&amp;action=edit&amp;redlink=1\"><strong>n\u00e9pj\u00f3l\u00e9ti \u00e9s munka\u00fcgyi minisztere<\/strong><\/a><strong>, a k\u00fcld\u00f6tts\u00e9g vezet\u0151je \u00e9s <\/strong><a href=\"https:\/\/hu.wikipedia.org\/wiki\/Drasche-L%C3%A1z%C3%A1r_Alfr%C3%A9d\"><strong>Drasche-L\u00e1z\u00e1r Alfr\u00e9d<\/strong><\/a><strong> <\/strong><a href=\"https:\/\/hu.wikipedia.org\/w\/index.php?title=Rendk%C3%ADv%C3%BCli_k%C3%B6vet&amp;action=edit&amp;redlink=1\"><strong>rendk\u00edv\u00fcli k\u00f6vet<\/strong><\/a><strong> \u00e9s <\/strong><a href=\"https:\/\/hu.wikipedia.org\/wiki\/%C3%81llamtitk%C3%A1r\"><strong>\u00e1llamtitk\u00e1r<\/strong><\/a><strong> \u00edrta al\u00e1. A v\u00e1laszt\u00e1s az\u00e9rt esett r\u00e1juk, mivel a rangos \u00e9s k\u00f6zismert politikusok egyike sem akarta mag\u00e1t kompromitt\u00e1lni a haz\u00e1nkra n\u00e9zve v\u00e9gzetes \u00e9s m\u00e1ig is meghat\u00e1roz\u00f3 trianoni b\u00e9keszerz\u0151d\u00e9s al\u00e1\u00edr\u00e1s\u00e1val.<\/strong><\/p>\n\n\n\n<p>Az els\u0151 vil\u00e1gh\u00e1bor\u00faban gy\u0151ztes antanthatalmak els\u0151dleges c\u00e9lja N\u00e9metorsz\u00e1g \u00e9s a h\u00e1bor\u00faban vele sz\u00f6vets\u00e9ges orsz\u00e1gok alapvet\u0151 meggyeng\u00edt\u00e9se volt, ezen fel\u00fcl c\u00e9ljuk volt a jelent\u0151s h\u00e1bor\u00fas j\u00f3v\u00e1t\u00e9tel k\u00f6vetel\u00e9se, valamint a soknemzetis\u00e9g\u0171 nagyhatalmak egys\u00e9g\u00e9nek megt\u00f6r\u00e9se is, mint amilyennek az <a href=\"https:\/\/hu.wikipedia.org\/wiki\/Osztr%C3%A1k%E2%80%93Magyar_Monarchia\">Osztr\u00e1k\u2013Magyar Monarchia<\/a> vagy az <a href=\"https:\/\/hu.wikipedia.org\/wiki\/Oszm%C3%A1n_Birodalom\">Oszm\u00e1n Birodalom<\/a> min\u0151s\u00fclt.<\/p>\n\n\n\n<p><strong>A d\u00f6nt\u00e9shoz\u00f3k a magyarokkal szembeni Eur\u00f3pa-szerte l\u00e9tez\u0151 ellens\u00e9ges hozz\u00e1\u00e1ll\u00e1st sem tudt\u00e1k figyelmen k\u00edv\u00fcl hagyni.<\/strong><\/p>\n\n\n\n<p>A t\u00f6rt\u00e9nelmi okirat <a href=\"https:\/\/hu.wikipedia.org\/wiki\/Magyarorsz%C3%A1g\">Magyarorsz\u00e1g<\/a> (<a href=\"https:\/\/hu.wikipedia.org\/wiki\/Magyar_Kir%C3%A1lys%C3%A1g\">Magyar Kir\u00e1lys\u00e1g<\/a>) \u00faj hat\u00e1rainak meg\u00e1llap\u00edt\u00e1sa mellett 35000 f\u0151ben korl\u00e1tozta a magyar hadsereg l\u00e9tsz\u00e1m\u00e1t, megtiltotta l\u00e9gier\u0151 \u00e9s neh\u00e9zfegyverek tart\u00e1s\u00e1t. Tartalmazta az akkor l\u00e9trej\u00f6tt <a href=\"https:\/\/hu.wikipedia.org\/wiki\/Nemzetek_Sz%C3%B6vets%C3%A9ge\">N\u00e9psz\u00f6vets\u00e9g<\/a> alapokm\u00e1ny\u00e1t is.<\/p>\n\n\n\n<p><strong>A szerz\u0151d\u00e9st nem \u00edrta al\u00e1 a szint\u00e9n az <\/strong><a href=\"https:\/\/hu.wikipedia.org\/wiki\/Antant\"><strong>antanthoz<\/strong><\/a><strong> tartoz\u00f3 <\/strong><a href=\"https:\/\/hu.wikipedia.org\/wiki\/Amerikai_Egyes%C3%BClt_%C3%81llamok\"><strong>Amerikai Egyes\u00fclt \u00c1llamok<\/strong><\/a><strong>, amely akkor nem lett tagja a N\u00e9psz\u00f6vets\u00e9gnek. <\/strong>Az USA \u00e9s Magyarorsz\u00e1g k\u00e9s\u0151bb <a href=\"https:\/\/hu.wikipedia.org\/wiki\/Washington_(f%C5%91v%C3%A1ros)\">Washingtonban<\/a> k\u00f6t\u00f6tt b\u00e9k\u00e9t: ez a N\u00e9psz\u00f6vets\u00e9gre vonatkoz\u00f3 cikkelyek kiv\u00e9tel\u00e9vel sz\u00f3 szerint megegyezik a trianonival. Az ily m\u00f3don l\u00e9trej\u00f6tt I. vil\u00e1gh\u00e1bor\u00fa ut\u00e1ni k\u00e9nyszer-b\u00e9kerend azonban \u00f6sszeomlott.<\/p>\n\n\n\n<p>Az \u00faj hat\u00e1rokat elvileg a <a href=\"https:\/\/hu.wikipedia.org\/wiki\/Thomas_Woodrow_Wilson\">Thomas Woodrow Wilson<\/a> amerikai eln\u00f6k \u00e1ltal megfogalmazott nemzeti elv alapj\u00e1n jel\u00f6lt\u00e9k ki, amelynek al\u00e1t\u00e1maszt\u00e1sa \u00e9rdek\u00e9ben a k\u00fcl\u00f6nb\u00f6z\u0151 deleg\u00e1ci\u00f3k sz\u00e1mos anyanyelvi, illetve nemzetis\u00e9gi t\u00e9rk\u00e9pet igyekeztek felvonultatni.<\/p>\n\n\n\n<p>Ett\u0151l azonban t\u00f6bb esetben, strat\u00e9giai, gazdas\u00e1gi, k\u00f6zleked\u00e9si stb. szempontokra hivatkozva elt\u00e9rtek, p\u00e9ld\u00e1ul az \u00f6sszes, az \u00faj hat\u00e1rral p\u00e1rhuzamos \u00fat \u00e9s vas\u00fat a hat\u00e1r t\u00faloldal\u00e1ra ker\u00fclt (f\u0151leg katonai okokb\u00f3l).<\/p>\n\n\n\n<p>P\u00e9ld\u00e1ul az <a href=\"https:\/\/hu.wikipedia.org\/wiki\/Arad_(Rom%C3%A1nia)\">Arad<\/a>&#8211;<a href=\"https:\/\/hu.wikipedia.org\/wiki\/Nagyv%C3%A1rad\">Nagyv\u00e1rad<\/a>&#8211;<a href=\"https:\/\/hu.wikipedia.org\/wiki\/Szatm%C3%A1rn%C3%A9meti\">Szatm\u00e1rn\u00e9meti<\/a> \u00fat \u00e9s vas\u00fat, a <a href=\"https:\/\/hu.wikipedia.org\/wiki\/Csall%C3%B3k%C3%B6z\">Csall\u00f3k\u00f6z<\/a> (a megmaradt, \u00f6sszek\u00f6t\u0151 utak n\u00e9lk\u00fcli sugaras szerkezet m\u00e1ig a magyar k\u00f6zleked\u00e9s egyik gondja). \u00cdgy ker\u00fcltek egybef\u00fcgg\u0151 magyar lakoss\u00e1g\u00fa t\u00f6mb\u00f6k is a hat\u00e1r t\u00faloldal\u00e1ra (p\u00e9ld\u00e1ul a <a href=\"https:\/\/hu.wikipedia.org\/wiki\/Csall%C3%B3k%C3%B6z\">Csall\u00f3k\u00f6z<\/a>, <a href=\"https:\/\/hu.wikipedia.org\/wiki\/Sz%C3%A9kelyf%C3%B6ld\">Sz\u00e9kelyf\u00f6ld<\/a>, az egykori <a href=\"https:\/\/hu.wikipedia.org\/wiki\/Partium\">Partium<\/a> \u00e9s <a href=\"https:\/\/hu.wikipedia.org\/wiki\/B%C3%A1cska\">B\u00e1cska<\/a> egyes r\u00e9szei), noha legt\u00f6bbsz\u00f6r ki lehetett volna jel\u00f6lni megfelel\u0151 hat\u00e1rt.<\/p>\n\n\n\n<p><strong>A magyar t\u00e1rgyal\u00e1si strat\u00e9gia alapvet\u0151en Magyarorsz\u00e1g ter\u00fcleti integrit\u00e1s\u00e1nak meg\u0151rz\u00e9s\u00e9t szerette volna el\u00e9rni. \u00c9rveik az orsz\u00e1g t\u00f6rt\u00e9nelmi, f\u00f6ldrajzi \u00e9s gazdas\u00e1gi egys\u00e9g\u00e9t igyekeztek al\u00e1t\u00e1masztani. Emellett a magyar deleg\u00e1ci\u00f3 k\u00e9rte a n\u00e9pszavaz\u00e1s lehet\u0151s\u00e9g\u00e9t is, a sz\u00f6vets\u00e9gesek \u00e1ltal sokat hangoztatott \u00f6nrendelkez\u00e9s \u00e9s nemzetis\u00e9gi elvre hivatkozva. Apponyi h\u00edres besz\u00e9de sokakban nagy hat\u00e1st keltett, mivel azonban a b\u00e9keszerz\u0151d\u00e9st illet\u0151en a d\u00f6nt\u00e9s m\u00e1r megsz\u00fcletett, \u00e9rveit nem vett\u00e9k figyelembe.<\/strong><\/p>\n\n\n\n<p>A konferencia legfels\u0151 szervei a magyar felvet\u00e9seket meghallgatt\u00e1k, azonban v\u00e9g\u00fcl \u00e9rdemi v\u00e1ltoztat\u00e1sok n\u00e9lk\u00fcl hagyt\u00e1k j\u00f3v\u00e1 az \u00e9v eleji tervezetet.<\/p>\n\n\n\n<p>1920. m\u00e1rcius v\u00e9g\u00e9n a magyar t\u00e1rgyal\u00f3deleg\u00e1ci\u00f3, gr\u00f3f <a href=\"https:\/\/hu.wikipedia.org\/wiki\/Apponyi_Albert\">Apponyi Albert<\/a> vezet\u00e9s\u00e9vel v\u00e9gleg elhagyta a b\u00e9kekonferencia helysz\u00edn\u00e9t <a href=\"https:\/\/hu.wikipedia.org\/wiki\/Versailles\">Versaillest<\/a> \u00e9s hazautazott <a href=\"https:\/\/hu.wikipedia.org\/wiki\/Budapest\">Budapestre<\/a>.<\/p>\n\n\n\n<p>A k\u00fcld\u00f6tts\u00e9g jelent\u00e9st k\u00e9sz\u00edtett a t\u00e1rgyal\u00e1sokr\u00f3l, de Apponyi nem volt hajland\u00f3 a szerz\u0151d\u00e9st al\u00e1\u00edrni, mert a n\u00e9pszavaz\u00e1sra tett el\u0151terjeszt\u00e9s\u00e9t nem fogadt\u00e1k el.<\/p>\n\n\n\n<p>Az al\u00e1\u00edr\u00e1s hely\u00e9r\u0151l \u00e9s id\u0151pontj\u00e1r\u00f3l sz\u00f3l\u00f3 d\u00f6nt\u00e9st a Nagyk\u00f6vetek Konferenci\u00e1ja m\u00e1jus 22-\u00e9n hozta meg. M\u00e1jus 23-\u00e1n jegyz\u00e9ket k\u00fcldtek a magyar f\u00e9lnek, amely arra is kit\u00e9rt, hogy a b\u00e9keszerz\u0151d\u00e9st a magyar korm\u00e1ny egy avagy t\u00f6bb tagj\u00e1nak kell al\u00e1\u00edrnia, akiknek legk\u00e9s\u0151bb j\u00fanius 2-\u00e1n meg kell \u00e9rkezni\u00fck az al\u00e1\u00edr\u00e1s hely\u00e9re Versailles-ba.<\/p>\n\n\n\n<p>A szerz\u0151d\u00e9st v\u00e9g\u00fcl a l\u00e9nyeg\u00e9ben erre kinevezett <a href=\"https:\/\/hu.wikipedia.org\/wiki\/Simonyi-Semadam_S%C3%A1ndor\">Simonyi-Semadam S\u00e1ndor<\/a> korm\u00e1ny\u00e1nak k\u00fcld\u00f6ttei, <a href=\"https:\/\/hu.wikipedia.org\/wiki\/Drasche-L%C3%A1z%C3%A1r_Alfr%C3%A9d\">Drasche-L\u00e1z\u00e1r Alfr\u00e9d<\/a> rendk\u00edv\u00fcli k\u00f6vet \u00e9s <a href=\"https:\/\/hu.wikipedia.org\/wiki\/Ben%C3%A1rd_%C3%81gost\">Ben\u00e1rd \u00c1gost<\/a>, kereszt\u00e9nyszocialista n\u00e9pj\u00f3l\u00e9ti miniszter \u00edrt\u00e1k al\u00e1 1920. j\u00fanius 4-\u00e9n.<\/p>\n\n\n\n<p>A szerz\u0151d\u00e9st, \u201e<em>tekintettel a k\u00e9nyszerhelyzetre, mely Magyarorsz\u00e1gra n\u00e9zve a vil\u00e1gh\u00e1bor\u00fa szerencs\u00e9tlen kimenetele folyt\u00e1n el\u0151\u00e1llott<\/em>\u201d, az <a href=\"https:\/\/hu.wikipedia.org\/wiki\/1921\">1921<\/a>. \u00e9vi XXXIII. t\u00f6rv\u00e9nycikkel iktatt\u00e1k be a magyar jogrendszerbe.<\/p>\n\n\n\n<p>A b\u00e9keszerz\u0151d\u00e9s katonai rendelkez\u00e9se szerint Magyarorsz\u00e1gon meg kellett sz\u00fcntetni az \u00e1ltal\u00e1nos hadk\u00f6telezetts\u00e9get. Csak \u00f6nk\u00e9ntes hader\u0151 lehetett, \u00f6sszesen 35 000 f\u0151vel (1 750 f\u0151 tiszt \u00e9s 1 313 altiszt, a t\u00f6bbi sorkatona). A szerz\u0151d\u00e9s megtiltotta vez\u00e9rkar fel\u00e1ll\u00edt\u00e1s\u00e1t, hadsereg \u00e9s hadtest szintek megszervez\u00e9s\u00e9t. A fegyverzet ter\u00e9n 40 250 pusk\u00e1t, 525 g\u00e9ppusk\u00e1t, 140 aknavet\u0151t \u00e9s 105 t\u00fcz\u00e9rs\u00e9gi l\u00f6veget enged\u00e9lyeztek.<\/p>\n\n\n\n<p>A hadseregnek p\u00e1nc\u00e9lozott j\u00e1rm\u0171vei \u00e9s rep\u00fcl\u0151g\u00e9pei sem lehettek. A dunai flottilla \u00f6sszesen h\u00e1rom felder\u00edt\u0151 sz\u00e1zaddal rendelkezhetett. Nem enged\u00e9lyezt\u00e9k rep\u00fcl\u0151g\u00e9pek \u00e9s hadihaj\u00f3k gy\u00e1rt\u00e1s\u00e1t. Az <a href=\"https:\/\/hu.wikipedia.org\/wiki\/Adriai-tenger\">adriai<\/a> hadiflott\u00e1t elkobozt\u00e1k az <a href=\"https:\/\/hu.wikipedia.org\/wiki\/Olaszok\">olaszok<\/a> r\u00e9sz\u00e9re.<\/p>\n\n\n\n<p>Az Osztr\u00e1k\u2013Magyar Monarchia katonai c\u00e9llal az I. vil\u00e1gh\u00e1bor\u00fa kit\u00f6r\u00e9s\u00e9t\u0151l 1918. okt\u00f3ber 31-ig 8.322.000 f\u0151t mozg\u00f3s\u00edtott.<\/p>\n\n\n\n<p>A vil\u00e1gh\u00e1bor\u00fa ut\u00e1n a <a href=\"https:\/\/hu.wikipedia.org\/wiki\/Magyar_Kir%C3%A1lys%C3%A1g\">Magyar Kir\u00e1lys\u00e1g<\/a> lak\u00f3inak sz\u00e1ma 20.886.487-r\u0151l 7.615.117-re esett vissza. <a href=\"https:\/\/hu.wikipedia.org\/wiki\/1910\">1910<\/a>-ben a Magyar Kir\u00e1lys\u00e1gban \u00e9l\u0151 magyar n\u00e9pess\u00e9g az \u00f6sszn\u00e9pess\u00e9g kb. 48,1%-\u00e1t \u2013 Horv\u00e1t-Szlav\u00f3norsz\u00e1g n\u00e9lk\u00fcl 54,6%-\u00e1t \u2013 tette ki.<\/p>\n\n\n\n<p>Noha az elcsatolt ter\u00fcleteken \u00e9l\u0151k t\u00f6bbs\u00e9ge nem volt magyar nemzetis\u00e9g\u0171, a b\u00e9keszerz\u0151d\u00e9s sor\u00e1n az orsz\u00e1ghat\u00e1rok megvon\u00e1sa gyakran nem k\u00f6vette a nyelvi vagy nemzetis\u00e9gi hat\u00e1rokat.<\/p>\n\n\n\n<p>Sok esetben egys\u00e9ges t\u00f6mbben \u00e9l\u0151 magyar lakoss\u00e1g\u00fa ter\u00fcleteket is elcsatoltak.<\/p>\n\n\n\n<p>Mintegy 3,3 milli\u00f3 magyar rekedt k\u00edv\u00fcl az \u00faj magyar \u00e1llam hat\u00e1rain.<\/p>\n\n\n\n<p><strong>A magyar k\u00f6zv\u00e9lem\u00e9ny \u00edgy l\u00e1tta Trianont:<\/strong><\/p>\n\n\n\n<p>A fenti meg\u00e1llap\u00edt\u00e1s ut\u00e1n h\u00e9t \u00e9vtizeddel bebizonyosodott, hogy ezek a kre\u00e1lt \u00e1llamok nem \u00e9letk\u00e9pesek, sorban felbomlottak, volt amelyik b\u00e9kess\u00e9gben, volt amelyik h\u00e1bor\u00faban. (Csehszlov\u00e1kia \u00e9s Jugoszl\u00e1via)<\/p>\n\n\n\n<p>Ma m\u00e1r csak Ausztria, Lengyelorsz\u00e1g \u00e9s Rom\u00e1nia olyan \u00e1llam, amelyik l\u00e9tezik m\u00e9g a trianoni szerz\u0151d\u00e9s \u00e1ltal Magyarorsz\u00e1g ter\u00fclet\u00e9b\u0151l r\u00e9szes\u00fcl\u0151 \u00e1llamok k\u00f6z\u00fcl.<\/p>\n\n\n\n<div class=\"wp-block-image\"><figure class=\"aligncenter size-large\"><img decoding=\"async\" loading=\"lazy\" width=\"740\" height=\"490\" src=\"http:\/\/www.kisfuzes.hu\/wp-content\/uploads\/2020\/06\/trianon.jpg\" alt=\"\" class=\"wp-image-804\" srcset=\"http:\/\/www.kisfuzes.hu\/wp-content\/uploads\/2020\/06\/trianon.jpg 740w, http:\/\/www.kisfuzes.hu\/wp-content\/uploads\/2020\/06\/trianon-300x199.jpg 300w, http:\/\/www.kisfuzes.hu\/wp-content\/uploads\/2020\/06\/trianon-50x33.jpg 50w\" sizes=\"(max-width: 740px) 100vw, 740px\" \/><\/figure><\/div>\n\n\n\n<h2 class=\"wp-block-heading\">2020. ut\u00e1n megt\u00e1madhat\u00f3 lesz a Trianoni b\u00e9keszerz\u0151d\u00e9s?<\/h2>\n\n\n\n<p>J\u00f3 ideje kering a magyar k\u00f6zv\u00e9lem\u00e9nyben az, hogy 100 \u00e9v eltelt\u00e9vel a Trianoni b\u00e9keszerz\u0151d\u00e9s hat\u00e1ly\u00e1t veszti, \u00e9s \u00edgy jogilag nem lesz \u00e9rv\u00e9nyes.<\/p>\n\n\n\n<p>B\u00e1r ez sajnos csak egy megt\u00e9veszt\u0151 \u00e9s rem\u00e9nyt kelt\u0151 t\u00e9vhit, elm\u00e9letben lenne alapja a dolognak \u00e9s egy ide\u00e1lis vil\u00e1gban meg lehetne t\u00e1madni a jog harcmezej\u00e9n.<\/p>\n\n\n\n<p><strong>Nem \u00e1rt tiszt\u00e1zni azonban n\u00e9h\u00e1ny k\u00e9rd\u00e9st, miel\u0151tt bele\u00e9ln\u00e9 mag\u00e1t b\u00e1rki az elm\u00e9leti fejteget\u00e9sbe.<\/strong><\/p>\n\n\n\n<p>A Trianoni b\u00e9kek\u00f6t\u00e9s nem tartalmaz id\u0151tartamot. (Mint ahogy egyetlen b\u00e9kek\u00f6t\u00e9s sem.)<\/p>\n\n\n\n<p>A b\u00e9keszerz\u0151d\u00e9s r\u00e9gen nincs \u00e9rv\u00e9nyben. R\u00e9szben 1937-ben szegt\u00fck meg, mikor nem tartottuk be a fegyverkez\u00e9si korl\u00e1tokat.<\/p>\n\n\n\n<p>R\u00e9szben 1938-ban az els\u0151 b\u00e9csi d\u00f6nt\u00e9ssel vesz\u00edtette \u00e9rv\u00e9ny\u00e9t, mikor ter\u00fcleteket kaptunk vissza Csehszlov\u00e1ki\u00e1t\u00f3l, Rom\u00e1ni\u00e1t\u00f3l.<\/p>\n\n\n\n<p>R\u00e9szben 1947-ben vesz\u00edtette \u00e9rv\u00e9ny\u00e9t, mikor al\u00e1\u00edrt\u00e1k a II. vil\u00e1gh\u00e1bor\u00fat lez\u00e1r\u00f3 p\u00e1rizsi b\u00e9keszerz\u0151d\u00e9st, ami ugyan szinte teljes eg\u00e9sz\u00e9ben a trianoni hat\u00e1rokat \u00e1ll\u00edtotta vissza, de a trianoni b\u00e9keszerz\u0151d\u00e9s hat\u00e1ly\u00e1t nem.<\/p>\n\n\n\n<p><strong>Visszat\u00e9rve a k\u00e9rd\u00e9sre egyfajta fel\u00fclvizsg\u00e1latra lenne ig\u00e9ny a t\u00e1rsadalom r\u00e9sz\u00e9r\u0151l.<\/strong><\/p>\n\n\n\n<p>B\u00e1r csek\u00e9ly es\u00e9llyel, de elvi s\u00edkon meg lehetne t\u00e1madni a b\u00e9kedikt\u00e1tumot a j\u00f6v\u0151ben, ugyanis nyilv\u00e1nval\u00f3an teljesen igazs\u00e1gtalan, \u00e9s az orsz\u00e1g szerep\u00e9hez m\u00e9rten ar\u00e1nytalan b\u00fcntet\u00e9s volt. Sok szakjog\u00e1sz azt \u00e1ll\u00edtja, hogy az ENSZ szervezet\u00e9t lehetne \u00e9s kellene r\u00e1b\u00edrni arra, hogy ezt vizsg\u00e1lja fel\u00fcl.<\/p>\n\n\n\n<p>Igen \u00e1m, de valljuk be, hogy ez a gondolat nagy val\u00f3sz\u00edn\u0171s\u00e9ggel j\u00e1rhatatlan \u00fat lenne. Ebben az eg\u00e9sz elj\u00e1r\u00e1sban ugyanis senki sem lenne \u00e9rdekelt.<\/p>\n\n\n\n<p>Gondoljunk bele a szitu\u00e1ci\u00f3ba: amellett, hogy ezzel hihetetlen fesz\u00fclts\u00e9geket okozn\u00e1nk Eur\u00f3p\u00e1n bel\u00fcl, kock\u00e1ztatva egy h\u00e1bor\u00fa kirobban\u00e1s\u00e1t, nem is tudn\u00e1nk mit kezdeni a visszakapott ter\u00fcletekkel\u2026<\/p>\n\n\n\n<p>T\u00fal vegyes embercsoportok \u00e9lnek m\u00e1r ezeken a ter\u00fcleteken. Az pedig egy\u00e1ltal\u00e1n nem biztos, hogy b\u00e9k\u00e9s mederben lehetne tartani a t\u00f6rt\u00e9n\u00e9seket a ter\u00fcleteink visszacsatol\u00e1sa ut\u00e1n.<\/p>\n\n\n\n<p>Magyarorsz\u00e1g teh\u00e1t csakis egy h\u00e1bor\u00fas konfliktus kirobbant\u00e1s\u00e1val v\u00edvhatn\u00e1 ki a jogot az elveszett ter\u00fcletekre, erre azonban aligha van es\u00e9ly, mert a NATO is ellen\u00fcnk fordulna, arr\u00f3l nem besz\u00e9lve, hogy az elm\u00e9leti szinten v\u00e1zolt jogi \u00fat sem teljesen j\u00e1rhat\u00f3.<\/p>\n\n\n\n<p>1920-ban az akkori francia k\u00fcl\u00fcgyminiszter \u00edgy v\u00e9lekedett: <em>\u201eEgy nemzet sincs megal\u00e1zva azzal, hogy legy\u0151zt\u00e9k, vagy ha al\u00e1\u00edrt k\u00e9ssel a tork\u00e1n egy v\u00e9gzetes b\u00e9keszerz\u0151d\u00e9st. Becstelenn\u00e9 v\u00e1lik azonban, ha nem tiltakozik, ha t\u00f6nkret\u00e9tel\u00e9hez maga is hozz\u00e1j\u00e1rul\u00e1s\u00e1t adja. Nem a veszt\u00e9s a buk\u00e1s, hanem a lemond\u00e1s.\u201d<\/em><\/p>\n\n\n\n<p>Nos, Magyarorsz\u00e1got megal\u00e1zt\u00e1k, de nem v\u00e1lt becstelenn\u00e9: mert a \u201cNem, nem, soha!\u201d, az \u201cIgazs\u00e1got Magyarorsz\u00e1gnak!\u201d, a \u201cMindent vissza!\u201d a \u201eVesszen Trianon\u201d jegy\u00e9ben megpr\u00f3b\u00e1lt tenni az igazs\u00e1gtalan b\u00e9kedikt\u00e1tum ellen.<\/p>\n\n\n\n<p><strong>100 \u00e9v m\u00falt\u00e1n, 2020. j\u00fanius 4-\u00e9n nem ord\u00edtozunk, m\u00e1r nem v\u00e1daskodunk, csak halkan mondjuk, nagyon halkan: <em>Nem nyugszunk bele.<\/em><\/strong><\/p>\n\n\n\n<hr class=\"wp-block-separator\"\/>\n\n\n\n<h2 class=\"wp-block-heading\"><strong>\u00dcnnepi megeml\u00e9kez\u00e9s a Trianoni eml\u00e9km\u0171n\u00e9l Kisf\u00fczesen<\/strong><\/h2>\n\n\n\n<p>Dietrich J\u00e1nos kisf\u00fczesi v\u00e1llalkoz\u00f3 e c\u00e9lra ny\u00fajtott t\u00e1mogat\u00e1s\u00e1nak felhaszn\u00e1l\u00e1s\u00e1val a kisf\u00fczesi sz\u00e9khely\u0171 F\u0170ZFA K\u00f6zalap\u00edtv\u00e1ny \u00e9s Kisf\u00fczes K\u00f6zs\u00e9g \u00d6nkorm\u00e1nyzata k\u00f6z\u00f6sen \u00e1ll\u00edttatott eml\u00e9km\u0171vet Trianon eml\u00e9k\u00e9nek tisztelet\u00e9re a Kisf\u00fczes, D\u00f3zsa Gy\u00f6rgy \u00fat 7. sz\u00e1m alatti \u00f6nkorm\u00e1nyzati tulajdon\u00fa k\u00f6z\u00f6ss\u00e9gi parkban.<\/p>\n\n\n\n<p>A Trianoni b\u00e9keszerz\u0151d\u00e9s 97. \u00e9vfordul\u00f3j\u00e1ra eml\u00e9kezve 2017. j\u00fanius 2-\u00e1n Horv\u00e1th L\u00e1szl\u00f3 orsz\u00e1ggy\u0171l\u00e9si k\u00e9pvisel\u0151 \u00fcnnepi megeml\u00e9kez\u00e9s\u00e9vel egyidej\u0171leg avatt\u00e1k fel Kiss Istv\u00e1n egri fafarag\u00f3 m\u0171v\u00e9t Kisf\u00fczesen.<\/p>\n\n\n\n<p>A h\u00e1rmas-halomra \u00e1ll\u00edtott, h\u00e1rom m\u00e9teres t\u00f6lgyf\u00e1b\u00f3l faragott apostoli kett\u0151s keresztre tulip\u00e1nos \u00e9letfa k\u00faszik fel. A faragott eml\u00e9km\u0171 kov\u00e1csoltvas foglalattal r\u00f6gz\u00fcl a beton talapzathoz. A keresztre a t\u00f6rt\u00e9nelmi, Nagy-Magyarorsz\u00e1g domborzati t\u00e9rk\u00e9pe ker\u00fclt, a megcsonk\u00edtott Magyarorsz\u00e1g s\u00edk, m\u00e9lyebb rajzolat\u00e1val, amely annak kirabolts\u00e1g\u00e1t jelzi. A kereszt tetej\u00e9n a M\u00e1rai-id\u00e9zet olvashat\u00f3: \u201eN\u00e9pek Krisztusa, Magyarorsz\u00e1g\u201d, amely nem csak n\u00e9p\u00fcnk m\u00e1rt\u00edr sors\u00e1t jelzi, hanem a felt\u00e1mad\u00e1s rem\u00e9ny\u00e9t is hordozza.<\/p>\n\n\n\n<p>Az \u00d6sszetartoz\u00e1s Napj\u00e1n felszentelt kett\u0151s kereszt a megye legkisebb telep\u00fcl\u00e9s\u00e9n az\u00f3ta is hirdeti, hogy <strong>\u201e\u2026mi egy v\u00e9rb\u0151l val\u00f3k vagyunk!\u2026\u201d<\/strong><strong><\/strong><\/p>\n\n\n\n<p><strong>Trianon 100 \u00e9ves \u00e9vfordul\u00f3ja alkalm\u00e1b\u00f3l 2020. j\u00fanius 4-\u00e9n Kisf\u00fczesen, az eml\u00e9km\u0171 megkoszor\u00faz\u00e1s\u00e1val egyidej\u0171leg \u00fcnnepi megeml\u00e9kez\u00e9sre ker\u00fclt sor, amelynek v\u00e9g\u00e9n 16 \u00f3ra 30 perckor 100 m\u00e1sodpercre megsz\u00f3lalt a helyi kistemplom harangja. Ahogyan 100 \u00e9vvel kor\u00e1bban is, a szomor\u00fa h\u00edr hall\u00e1t\u00e1ra k\u00e9t \u00f3r\u00e1n \u00e1t z\u00fagtak a harangok.<\/strong><\/p>\n\n\n\n<figure class=\"wp-block-image size-large\"><img decoding=\"async\" loading=\"lazy\" width=\"984\" height=\"704\" src=\"http:\/\/www.kisfuzes.hu\/wp-content\/uploads\/2020\/06\/2020-06-05_13-01-32.png\" alt=\"\" class=\"wp-image-814\" srcset=\"http:\/\/www.kisfuzes.hu\/wp-content\/uploads\/2020\/06\/2020-06-05_13-01-32.png 984w, http:\/\/www.kisfuzes.hu\/wp-content\/uploads\/2020\/06\/2020-06-05_13-01-32-300x215.png 300w, http:\/\/www.kisfuzes.hu\/wp-content\/uploads\/2020\/06\/2020-06-05_13-01-32-768x549.png 768w, http:\/\/www.kisfuzes.hu\/wp-content\/uploads\/2020\/06\/2020-06-05_13-01-32-50x36.png 50w\" sizes=\"(max-width: 984px) 100vw, 984px\" \/><\/figure>\n\n\n\n<hr class=\"wp-block-separator\"\/>\n\n\n\n<figure class=\"wp-block-gallery columns-2 is-cropped wp-block-gallery-1 is-layout-flex\"><ul class=\"blocks-gallery-grid\"><li class=\"blocks-gallery-item\"><figure><img decoding=\"async\" loading=\"lazy\" width=\"1024\" height=\"498\" src=\"http:\/\/www.kisfuzes.hu\/wp-content\/uploads\/2020\/06\/20200604_160348-1024x498.jpg\" alt=\"\" data-id=\"807\" data-full-url=\"http:\/\/www.kisfuzes.hu\/wp-content\/uploads\/2020\/06\/20200604_160348-scaled.jpg\" data-link=\"http:\/\/www.kisfuzes.hu\/?attachment_id=807\" class=\"wp-image-807\" srcset=\"http:\/\/www.kisfuzes.hu\/wp-content\/uploads\/2020\/06\/20200604_160348-1024x498.jpg 1024w, http:\/\/www.kisfuzes.hu\/wp-content\/uploads\/2020\/06\/20200604_160348-300x146.jpg 300w, http:\/\/www.kisfuzes.hu\/wp-content\/uploads\/2020\/06\/20200604_160348-768x373.jpg 768w, http:\/\/www.kisfuzes.hu\/wp-content\/uploads\/2020\/06\/20200604_160348-1536x747.jpg 1536w, http:\/\/www.kisfuzes.hu\/wp-content\/uploads\/2020\/06\/20200604_160348-2048x996.jpg 2048w, http:\/\/www.kisfuzes.hu\/wp-content\/uploads\/2020\/06\/20200604_160348-50x24.jpg 50w\" sizes=\"(max-width: 1024px) 100vw, 1024px\" \/><\/figure><\/li><li class=\"blocks-gallery-item\"><figure><img decoding=\"async\" loading=\"lazy\" width=\"1024\" height=\"498\" src=\"http:\/\/www.kisfuzes.hu\/wp-content\/uploads\/2020\/06\/20200604_160411-1024x498.jpg\" alt=\"\" data-id=\"808\" data-full-url=\"http:\/\/www.kisfuzes.hu\/wp-content\/uploads\/2020\/06\/20200604_160411-scaled.jpg\" data-link=\"http:\/\/www.kisfuzes.hu\/?attachment_id=808\" class=\"wp-image-808\" srcset=\"http:\/\/www.kisfuzes.hu\/wp-content\/uploads\/2020\/06\/20200604_160411-1024x498.jpg 1024w, http:\/\/www.kisfuzes.hu\/wp-content\/uploads\/2020\/06\/20200604_160411-300x146.jpg 300w, http:\/\/www.kisfuzes.hu\/wp-content\/uploads\/2020\/06\/20200604_160411-768x373.jpg 768w, http:\/\/www.kisfuzes.hu\/wp-content\/uploads\/2020\/06\/20200604_160411-1536x747.jpg 1536w, http:\/\/www.kisfuzes.hu\/wp-content\/uploads\/2020\/06\/20200604_160411-2048x996.jpg 2048w, http:\/\/www.kisfuzes.hu\/wp-content\/uploads\/2020\/06\/20200604_160411-50x24.jpg 50w\" sizes=\"(max-width: 1024px) 100vw, 1024px\" \/><\/figure><\/li><li class=\"blocks-gallery-item\"><figure><img decoding=\"async\" loading=\"lazy\" width=\"1024\" height=\"498\" src=\"http:\/\/www.kisfuzes.hu\/wp-content\/uploads\/2020\/06\/20200604_160430-1024x498.jpg\" alt=\"\" data-id=\"809\" data-full-url=\"http:\/\/www.kisfuzes.hu\/wp-content\/uploads\/2020\/06\/20200604_160430-scaled.jpg\" data-link=\"http:\/\/www.kisfuzes.hu\/?attachment_id=809\" class=\"wp-image-809\" srcset=\"http:\/\/www.kisfuzes.hu\/wp-content\/uploads\/2020\/06\/20200604_160430-1024x498.jpg 1024w, http:\/\/www.kisfuzes.hu\/wp-content\/uploads\/2020\/06\/20200604_160430-300x146.jpg 300w, http:\/\/www.kisfuzes.hu\/wp-content\/uploads\/2020\/06\/20200604_160430-768x373.jpg 768w, http:\/\/www.kisfuzes.hu\/wp-content\/uploads\/2020\/06\/20200604_160430-1536x747.jpg 1536w, http:\/\/www.kisfuzes.hu\/wp-content\/uploads\/2020\/06\/20200604_160430-2048x996.jpg 2048w, http:\/\/www.kisfuzes.hu\/wp-content\/uploads\/2020\/06\/20200604_160430-50x24.jpg 50w\" sizes=\"(max-width: 1024px) 100vw, 1024px\" \/><\/figure><\/li><li class=\"blocks-gallery-item\"><figure><img decoding=\"async\" loading=\"lazy\" width=\"1024\" height=\"498\" src=\"http:\/\/www.kisfuzes.hu\/wp-content\/uploads\/2020\/06\/20200604_160451-1024x498.jpg\" alt=\"\" data-id=\"810\" data-full-url=\"http:\/\/www.kisfuzes.hu\/wp-content\/uploads\/2020\/06\/20200604_160451-scaled.jpg\" data-link=\"http:\/\/www.kisfuzes.hu\/?attachment_id=810\" class=\"wp-image-810\" srcset=\"http:\/\/www.kisfuzes.hu\/wp-content\/uploads\/2020\/06\/20200604_160451-1024x498.jpg 1024w, http:\/\/www.kisfuzes.hu\/wp-content\/uploads\/2020\/06\/20200604_160451-300x146.jpg 300w, http:\/\/www.kisfuzes.hu\/wp-content\/uploads\/2020\/06\/20200604_160451-768x373.jpg 768w, http:\/\/www.kisfuzes.hu\/wp-content\/uploads\/2020\/06\/20200604_160451-1536x747.jpg 1536w, http:\/\/www.kisfuzes.hu\/wp-content\/uploads\/2020\/06\/20200604_160451-2048x996.jpg 2048w, http:\/\/www.kisfuzes.hu\/wp-content\/uploads\/2020\/06\/20200604_160451-50x24.jpg 50w\" sizes=\"(max-width: 1024px) 100vw, 1024px\" \/><\/figure><\/li><li class=\"blocks-gallery-item\"><figure><img decoding=\"async\" loading=\"lazy\" width=\"498\" height=\"1024\" src=\"http:\/\/www.kisfuzes.hu\/wp-content\/uploads\/2020\/06\/20200605_103802-498x1024.jpg\" alt=\"\" data-id=\"811\" data-full-url=\"http:\/\/www.kisfuzes.hu\/wp-content\/uploads\/2020\/06\/20200605_103802-scaled.jpg\" data-link=\"http:\/\/www.kisfuzes.hu\/?attachment_id=811\" class=\"wp-image-811\" srcset=\"http:\/\/www.kisfuzes.hu\/wp-content\/uploads\/2020\/06\/20200605_103802-498x1024.jpg 498w, http:\/\/www.kisfuzes.hu\/wp-content\/uploads\/2020\/06\/20200605_103802-146x300.jpg 146w, http:\/\/www.kisfuzes.hu\/wp-content\/uploads\/2020\/06\/20200605_103802-768x1580.jpg 768w, http:\/\/www.kisfuzes.hu\/wp-content\/uploads\/2020\/06\/20200605_103802-747x1536.jpg 747w, http:\/\/www.kisfuzes.hu\/wp-content\/uploads\/2020\/06\/20200605_103802-996x2048.jpg 996w, http:\/\/www.kisfuzes.hu\/wp-content\/uploads\/2020\/06\/20200605_103802-24x50.jpg 24w, http:\/\/www.kisfuzes.hu\/wp-content\/uploads\/2020\/06\/20200605_103802-scaled.jpg 1244w\" sizes=\"(max-width: 498px) 100vw, 498px\" \/><\/figure><\/li><li class=\"blocks-gallery-item\"><figure><img decoding=\"async\" loading=\"lazy\" width=\"498\" height=\"1024\" src=\"http:\/\/www.kisfuzes.hu\/wp-content\/uploads\/2020\/06\/20200605_103809-498x1024.jpg\" alt=\"\" data-id=\"812\" data-full-url=\"http:\/\/www.kisfuzes.hu\/wp-content\/uploads\/2020\/06\/20200605_103809-scaled.jpg\" data-link=\"http:\/\/www.kisfuzes.hu\/?attachment_id=812\" class=\"wp-image-812\" srcset=\"http:\/\/www.kisfuzes.hu\/wp-content\/uploads\/2020\/06\/20200605_103809-498x1024.jpg 498w, http:\/\/www.kisfuzes.hu\/wp-content\/uploads\/2020\/06\/20200605_103809-146x300.jpg 146w, http:\/\/www.kisfuzes.hu\/wp-content\/uploads\/2020\/06\/20200605_103809-768x1580.jpg 768w, http:\/\/www.kisfuzes.hu\/wp-content\/uploads\/2020\/06\/20200605_103809-747x1536.jpg 747w, http:\/\/www.kisfuzes.hu\/wp-content\/uploads\/2020\/06\/20200605_103809-996x2048.jpg 996w, http:\/\/www.kisfuzes.hu\/wp-content\/uploads\/2020\/06\/20200605_103809-24x50.jpg 24w, http:\/\/www.kisfuzes.hu\/wp-content\/uploads\/2020\/06\/20200605_103809-scaled.jpg 1244w\" sizes=\"(max-width: 498px) 100vw, 498px\" \/><\/figure><\/li><\/ul><\/figure>\n\r\n","protected":false},"excerpt":{"rendered":"<p>100 \u00e9ves a Trianoni b\u00e9keszerz\u0151d\u00e9s A trianoni b\u00e9keszerz\u0151d\u00e9s (magyar forr\u00e1sokban gyakran b\u00e9kedikt\u00e1tum) az els\u0151 vil\u00e1gh\u00e1bor\u00fat lez\u00e1r\u00f3 P\u00e1rizs k\u00f6rny\u00e9ki b\u00e9keszerz\u0151d\u00e9sek rendszer\u00e9nek r\u00e9szek\u00e9nt a h\u00e1bor\u00faban vesztes Magyarorsz\u00e1g (mint az Osztr\u00e1k\u2013Magyar Monarchia egyik ut\u00f3d\u00e1llama) \u00e9s a h\u00e1bor\u00faban&#46;&#46;&#46;<\/p>\n","protected":false},"author":1,"featured_media":804,"comment_status":"closed","ping_status":"open","sticky":false,"template":"","format":"standard","meta":[],"categories":[42,12],"tags":[],"_links":{"self":[{"href":"http:\/\/www.kisfuzes.hu\/index.php?rest_route=\/wp\/v2\/posts\/803"}],"collection":[{"href":"http:\/\/www.kisfuzes.hu\/index.php?rest_route=\/wp\/v2\/posts"}],"about":[{"href":"http:\/\/www.kisfuzes.hu\/index.php?rest_route=\/wp\/v2\/types\/post"}],"author":[{"embeddable":true,"href":"http:\/\/www.kisfuzes.hu\/index.php?rest_route=\/wp\/v2\/users\/1"}],"replies":[{"embeddable":true,"href":"http:\/\/www.kisfuzes.hu\/index.php?rest_route=%2Fwp%2Fv2%2Fcomments&post=803"}],"version-history":[{"count":3,"href":"http:\/\/www.kisfuzes.hu\/index.php?rest_route=\/wp\/v2\/posts\/803\/revisions"}],"predecessor-version":[{"id":815,"href":"http:\/\/www.kisfuzes.hu\/index.php?rest_route=\/wp\/v2\/posts\/803\/revisions\/815"}],"wp:featuredmedia":[{"embeddable":true,"href":"http:\/\/www.kisfuzes.hu\/index.php?rest_route=\/wp\/v2\/media\/804"}],"wp:attachment":[{"href":"http:\/\/www.kisfuzes.hu\/index.php?rest_route=%2Fwp%2Fv2%2Fmedia&parent=803"}],"wp:term":[{"taxonomy":"category","embeddable":true,"href":"http:\/\/www.kisfuzes.hu\/index.php?rest_route=%2Fwp%2Fv2%2Fcategories&post=803"},{"taxonomy":"post_tag","embeddable":true,"href":"http:\/\/www.kisfuzes.hu\/index.php?rest_route=%2Fwp%2Fv2%2Ftags&post=803"}],"curies":[{"name":"wp","href":"https:\/\/api.w.org\/{rel}","templated":true}]}}