{"id":542,"date":"2018-10-18T06:56:00","date_gmt":"2018-10-18T06:56:00","guid":{"rendered":"http:\/\/www.kisfuzes.hu\/?p=542"},"modified":"2019-02-07T13:50:15","modified_gmt":"2019-02-07T13:50:15","slug":"evtizedes-alom-valhat-valora-heves-megye-legkisebb-telepulesen","status":"publish","type":"post","link":"http:\/\/www.kisfuzes.hu\/?p=542","title":{"rendered":"\u00c9vtizedes \u00e1lom v\u00e1lhat val\u00f3ra Heves megye legkisebb telep\u00fcl\u00e9s\u00e9n"},"content":{"rendered":"<div class=\"enews-article-lead\">\n<p>Nemcsak a bek\u00f6t\u0151\u00fat, de a faluban l\u00e9v\u0151 utak, hidak is meg\u00fajulhatnak<\/p>\n<\/div>\n<div class=\"clearfix\">Megy\u00e9nk legkisebb telep\u00fcl\u00e9s\u00e9n, a m\u00e1ra alig sz\u00e1z lakos\u00fa Kisf\u00fczesen t\u00f6bb \u00e9vtizedes \u00e1lom v\u00e1lhat val\u00f3ra ez \u00e9v v\u00e9g\u00e9ig: jav\u00e1ban zajlik ugyanis a P\u00e9terv\u00e1s\u00e1ra\u2013Kisf\u00fczes bek\u00f6t\u0151\u00fat \u00e9p\u00edt\u00e9se. T\u00f6bb mint harminc\u00e9vnyi v\u00e1rakoz\u00e1s ut\u00e1n j\u00f3 min\u0151s\u00e9g\u0171 \u00faj aszfaltot kap a szakasz.<\/div>\n<div><\/div>\n<div class=\"clearfix\">A t\u00f6bb mint 600 milli\u00f3s beruh\u00e1z\u00e1s eredm\u00e9nyek\u00e9nt az itt \u00e9l\u0151k abban rem\u00e9nykednek, hogy v\u00e9gre megsz\u0171nik a kis falu elszigetelts\u00e9ge, s hogy meg\u00e1llhat az \u00e9vek \u00f3ta tart\u00f3 eln\u00e9ptelened\u00e9si folyamat. Nemcsak e szakasz kap \u00faj aszfaltot, de a faluban l\u00e9v\u0151 utak, hidak is meg\u00fajulhatnak.<\/div>\n<div class=\"enews-article-content\">\n<p>B\u00e1r a lakoss\u00e1g \u00e9vr\u0151l \u00e9vre fogyatkozik, a gy\u00f6ny\u00f6r\u0171 term\u00e9szeti k\u00f6rnyezet, a csend, a tiszta leveg\u0151 azonban esztend\u0151k \u00f3ta arra inspir\u00e1lja az erre kir\u00e1ndul\u00f3kat \u2013 magyarokat \u00e9s k\u00fclf\u00f6ldieket egyar\u00e1nt \u2013, hogy h\u00e9tv\u00e9gi \u00fcd\u00fcl\u0151t v\u00e1s\u00e1roljanak csal\u00e1djaik sz\u00e1m\u00e1ra. Az elm\u00falt \u00e9vekben azonban n\u00e9mik\u00e9pp megtorpant az \u00e9rdekl\u0151d\u00e9s az itteni ingatlanok ir\u00e1nt. A legt\u00f6bben att\u00f3l riadtak vissza, hogy a faluhoz vezet\u0151 \u00f6t kilom\u00e9ternyi bek\u00f6t\u0151\u00fat lassan j\u00e1rhatatlann\u00e1 v\u00e1lt.<\/p>\n<div id=\"attachment_543\" style=\"width: 1034px\" class=\"wp-caption aligncenter\"><img aria-describedby=\"caption-attachment-543\" decoding=\"async\" loading=\"lazy\" class=\"size-large wp-image-543\" src=\"http:\/\/www.kisfuzes.hu\/wp-content\/uploads\/2018\/10\/Kisfuzesiutepites-1024x683.jpg\" alt=\"\" width=\"1024\" height=\"683\" srcset=\"http:\/\/www.kisfuzes.hu\/wp-content\/uploads\/2018\/10\/Kisfuzesiutepites-1024x683.jpg 1024w, http:\/\/www.kisfuzes.hu\/wp-content\/uploads\/2018\/10\/Kisfuzesiutepites-300x200.jpg 300w, http:\/\/www.kisfuzes.hu\/wp-content\/uploads\/2018\/10\/Kisfuzesiutepites-768x513.jpg 768w, http:\/\/www.kisfuzes.hu\/wp-content\/uploads\/2018\/10\/Kisfuzesiutepites-50x33.jpg 50w, http:\/\/www.kisfuzes.hu\/wp-content\/uploads\/2018\/10\/Kisfuzesiutepites.jpg 1470w\" sizes=\"(max-width: 1024px) 100vw, 1024px\" \/><p id=\"caption-attachment-543\" class=\"wp-caption-text\">Fot\u00f3: G\u00e1l G\u00e1bor<\/p><\/div>\n<p>Menyh\u00e1rt Bal\u00e1zs, Kisf\u00fczes polg\u00e1rmestere t\u00f6bbsz\u00f6r is azt nyilatkozta lapunknak, hogy sz\u00e1mukra az egyetlen kit\u00f6r\u00e9si pontot a turizmus jelenthetn\u00e9, hiszen a k\u00f6rny\u00e9k gy\u00f6ny\u00f6r\u0171, sz\u00e1mos elad\u00f3 ingatlan is tal\u00e1lhat\u00f3. Szavai szerint \u00e9rdekl\u0151d\u0151k is lenn\u00e9nek, akik itt szeretn\u00e9nek nyaral\u00f3nak h\u00e1zat v\u00e1s\u00e1rolni, \u00e1m am\u00edg a faluba vezet\u0151, n\u00e9gy kilom\u00e9teres, katasztrof\u00e1lis \u00e1llapotban l\u00e9v\u0151 bek\u00f6t\u0151utat nem siker\u00fcl rendbe tenni, nem sok es\u00e9ly van arra, hogy megpezsd\u00fclj\u00f6n az \u00e9let, s gyarapodjon az \u00e1lland\u00f3 lakoss\u00e1g.<\/p>\n<p>Sokan bizakodnak, hogy az elszigetelts\u00e9g v\u00e9gre megsz\u0171nik, s az \u00faj \u00fat \u00faj rem\u00e9nyeket, s fellend\u00fcl\u00e9st hozhat a helyi k\u00f6z\u00f6ss\u00e9gnek.<\/p>\n<p><a href=\"https:\/\/www.heol.hu\/kozelet\/helyi-kozelet\/evtizedes-alom-valhat-valora-heves-megye-legkisebb-telepulesen-1360295\/\" target=\"_blank\" rel=\"noopener\"><em>forr\u00e1s: HEOL.hu<\/em><\/a><\/p>\n<\/div>\n","protected":false},"excerpt":{"rendered":"<p>Nemcsak a bek\u00f6t\u0151\u00fat, de a faluban l\u00e9v\u0151 utak, hidak is meg\u00fajulhatnak Megy\u00e9nk legkisebb telep\u00fcl\u00e9s\u00e9n, a m\u00e1ra alig sz\u00e1z lakos\u00fa Kisf\u00fczesen t\u00f6bb \u00e9vtizedes \u00e1lom v\u00e1lhat val\u00f3ra ez \u00e9v v\u00e9g\u00e9ig: jav\u00e1ban zajlik ugyanis a P\u00e9terv\u00e1s\u00e1ra\u2013Kisf\u00fczes bek\u00f6t\u0151\u00fat&#46;&#46;&#46;<\/p>\n","protected":false},"author":1,"featured_media":543,"comment_status":"closed","ping_status":"open","sticky":false,"template":"","format":"standard","meta":[],"categories":[37,12],"tags":[22,21,35],"_links":{"self":[{"href":"http:\/\/www.kisfuzes.hu\/index.php?rest_route=\/wp\/v2\/posts\/542"}],"collection":[{"href":"http:\/\/www.kisfuzes.hu\/index.php?rest_route=\/wp\/v2\/posts"}],"about":[{"href":"http:\/\/www.kisfuzes.hu\/index.php?rest_route=\/wp\/v2\/types\/post"}],"author":[{"embeddable":true,"href":"http:\/\/www.kisfuzes.hu\/index.php?rest_route=\/wp\/v2\/users\/1"}],"replies":[{"embeddable":true,"href":"http:\/\/www.kisfuzes.hu\/index.php?rest_route=%2Fwp%2Fv2%2Fcomments&post=542"}],"version-history":[{"count":4,"href":"http:\/\/www.kisfuzes.hu\/index.php?rest_route=\/wp\/v2\/posts\/542\/revisions"}],"predecessor-version":[{"id":547,"href":"http:\/\/www.kisfuzes.hu\/index.php?rest_route=\/wp\/v2\/posts\/542\/revisions\/547"}],"wp:featuredmedia":[{"embeddable":true,"href":"http:\/\/www.kisfuzes.hu\/index.php?rest_route=\/wp\/v2\/media\/543"}],"wp:attachment":[{"href":"http:\/\/www.kisfuzes.hu\/index.php?rest_route=%2Fwp%2Fv2%2Fmedia&parent=542"}],"wp:term":[{"taxonomy":"category","embeddable":true,"href":"http:\/\/www.kisfuzes.hu\/index.php?rest_route=%2Fwp%2Fv2%2Fcategories&post=542"},{"taxonomy":"post_tag","embeddable":true,"href":"http:\/\/www.kisfuzes.hu\/index.php?rest_route=%2Fwp%2Fv2%2Ftags&post=542"}],"curies":[{"name":"wp","href":"https:\/\/api.w.org\/{rel}","templated":true}]}}