{"id":526,"date":"2018-10-05T11:27:09","date_gmt":"2018-10-05T11:27:09","guid":{"rendered":"http:\/\/www.kisfuzes.hu\/?p=526"},"modified":"2019-02-07T13:50:00","modified_gmt":"2019-02-07T13:50:00","slug":"bursa-hungarica-2018-2","status":"publish","type":"post","link":"http:\/\/www.kisfuzes.hu\/?p=526","title":{"rendered":"Bursa Hungarica 2018"},"content":{"rendered":"<p>Az Emberi Er\u0151forr\u00e1sok Miniszt\u00e9riuma megb\u00edz\u00e1s\u00e1b\u00f3l az Emberi Er\u0151forr\u00e1s T\u00e1mogat\u00e1skezel\u0151 <strong>ny\u00edlt p\u00e1ly\u00e1zat<\/strong> keret\u00e9ben meghirdeti a Bursa Hungarica Fels\u0151oktat\u00e1si \u00d6nkorm\u00e1nyzati \u00d6szt\u00f6nd\u00edjp\u00e1ly\u00e1zatot<strong> fels\u0151oktat\u00e1si tanulm\u00e1nyokat kezdeni k\u00edv\u00e1n\u00f3 fiatalok<\/strong> sz\u00e1m\u00e1ra.<\/p>\n<p>Az \u00f6nkorm\u00e1nyzati csatlakoz\u00e1s hat\u00e1rideje: <strong>2018. okt\u00f3ber 3.<\/strong><br \/>\nA p\u00e1ly\u00e1zat beny\u00fajt\u00e1s\u00e1nak hat\u00e1rideje: <strong><del>2018. november 6.<\/del> <span style=\"color: #ff0000;\">meghosszabb\u00edtva: 2018. november 13.<\/span><br \/>\n<\/strong><\/p>\n<p>Az al\u00e1bbiakban el\u00e9rhet\u0151ek a felh\u00edv\u00e1sok \u00e9s mell\u00e9kletei.<\/p>\n<p><a href=\"http:\/\/www.emet.gov.hu\/felhivasok\/bursa_hungarica13\/\" target=\"_blank\" rel=\"noopener\">&#8222;A&#8221; jel\u0171 felh\u00edv\u00e1s<\/a><\/p>\n<p><a href=\"http:\/\/www.emet.gov.hu\/felhivasok\/bursa_hungarica14\/\" target=\"_blank\" rel=\"noopener\">&#8222;B&#8221; jel\u0171 felh\u00edv\u00e1s <\/a><\/p>\n<p>&nbsp;<\/p>\n","protected":false},"excerpt":{"rendered":"<p>Az Emberi Er\u0151forr\u00e1sok Miniszt\u00e9riuma megb\u00edz\u00e1s\u00e1b\u00f3l az Emberi Er\u0151forr\u00e1s T\u00e1mogat\u00e1skezel\u0151 ny\u00edlt p\u00e1ly\u00e1zat keret\u00e9ben meghirdeti a Bursa Hungarica Fels\u0151oktat\u00e1si \u00d6nkorm\u00e1nyzati \u00d6szt\u00f6nd\u00edjp\u00e1ly\u00e1zatot fels\u0151oktat\u00e1si tanulm\u00e1nyokat kezdeni k\u00edv\u00e1n\u00f3 fiatalok sz\u00e1m\u00e1ra. Az \u00f6nkorm\u00e1nyzati csatlakoz\u00e1s hat\u00e1rideje: 2018. okt\u00f3ber 3. A p\u00e1ly\u00e1zat&#46;&#46;&#46;<\/p>\n","protected":false},"author":1,"featured_media":527,"comment_status":"closed","ping_status":"open","sticky":false,"template":"","format":"standard","meta":[],"categories":[37,12],"tags":[22,32],"_links":{"self":[{"href":"http:\/\/www.kisfuzes.hu\/index.php?rest_route=\/wp\/v2\/posts\/526"}],"collection":[{"href":"http:\/\/www.kisfuzes.hu\/index.php?rest_route=\/wp\/v2\/posts"}],"about":[{"href":"http:\/\/www.kisfuzes.hu\/index.php?rest_route=\/wp\/v2\/types\/post"}],"author":[{"embeddable":true,"href":"http:\/\/www.kisfuzes.hu\/index.php?rest_route=\/wp\/v2\/users\/1"}],"replies":[{"embeddable":true,"href":"http:\/\/www.kisfuzes.hu\/index.php?rest_route=%2Fwp%2Fv2%2Fcomments&post=526"}],"version-history":[{"count":3,"href":"http:\/\/www.kisfuzes.hu\/index.php?rest_route=\/wp\/v2\/posts\/526\/revisions"}],"predecessor-version":[{"id":549,"href":"http:\/\/www.kisfuzes.hu\/index.php?rest_route=\/wp\/v2\/posts\/526\/revisions\/549"}],"wp:featuredmedia":[{"embeddable":true,"href":"http:\/\/www.kisfuzes.hu\/index.php?rest_route=\/wp\/v2\/media\/527"}],"wp:attachment":[{"href":"http:\/\/www.kisfuzes.hu\/index.php?rest_route=%2Fwp%2Fv2%2Fmedia&parent=526"}],"wp:term":[{"taxonomy":"category","embeddable":true,"href":"http:\/\/www.kisfuzes.hu\/index.php?rest_route=%2Fwp%2Fv2%2Fcategories&post=526"},{"taxonomy":"post_tag","embeddable":true,"href":"http:\/\/www.kisfuzes.hu\/index.php?rest_route=%2Fwp%2Fv2%2Ftags&post=526"}],"curies":[{"name":"wp","href":"https:\/\/api.w.org\/{rel}","templated":true}]}}