{"id":514,"date":"2018-10-01T12:19:38","date_gmt":"2018-10-01T12:19:38","guid":{"rendered":"http:\/\/www.kisfuzes.hu\/?p=514"},"modified":"2019-02-07T13:49:49","modified_gmt":"2019-02-07T13:49:49","slug":"zajkelto-eszkozok-vasarnapi-korlatozasa","status":"publish","type":"post","link":"http:\/\/www.kisfuzes.hu\/?p=514","title":{"rendered":"Zajkelt\u0151 eszk\u00f6z\u00f6k vas\u00e1rnapi korl\u00e1toz\u00e1sa"},"content":{"rendered":"<p>Rendeletet alkotott a Kisf\u00fczesi K\u00e9pvisel\u0151test\u00fclet a k\u00f6zs\u00e9g belter\u00fclet\u00e9re kiterjed\u0151en egyes zajkelt\u0151 eszk\u00f6z\u00f6k vas\u00e1rnap \u00e9s munkasz\u00fcneti napon t\u00f6rt\u00e9n\u0151 haszn\u00e1lat\u00e1nak korl\u00e1toz\u00e1s\u00e1r\u00f3l.<\/p>\n<p>Eddig nem volt helyi jogszab\u00e1ly a k\u00f6z\u00f6ss\u00e9gi egy\u00fctt\u00e9l\u00e9s alapvet\u0151 szab\u00e1lyair\u00f3l Kisf\u00fczesen, \u00edgy ezek megs\u00e9rt\u00e9se sem volt szankcion\u00e1lhat\u00f3. Az \u00f6nkorm\u00e1nyzat alkotott m\u00e1r rendeletet a k\u00f6rnyezet-v\u00e9delem helyi szab\u00e1lyair\u00f3l, \u00e1m t\u00f6bb olyan szab\u00e1lyszeg\u00e9s vagy a lak\u00f3kat irrit\u00e1l\u00f3 magatart\u00e1s van m\u00e9g, amelyekre id\u00e1ig nem volt \u00edrott szab\u00e1ly.<\/p>\n<p>(Megjegyezz\u00fck, erre egy polg\u00e1rias t\u00e1rsadalomban nem is lenne sz\u00fcks\u00e9g. Ott az \u00edratlan szab\u00e1lyok is elegend\u0151ek a normak\u00f6vet\u0151 j\u00f3zan t\u00f6bbs\u00e9g sz\u00e1m\u00e1ra.)<\/p>\n<p>Az augusztus v\u00e9g\u00e9n hat\u00e1lyba l\u00e9p\u0151 \u00faj rendeletr\u0151l a k\u00f6zs\u00e9gvezet\u00e9s hangs\u00falyozza, nem az a c\u00e9l, hogy a k\u00f6z\u00f6ss\u00e9gi egy\u00fctt\u00e9l\u00e9s szab\u00e1lyait indokolatlanul kiterjessz\u00e9k, a l\u00e9p\u00e9st sokkal ink\u00e1bb a gyakorlati tapasztalatok alapozt\u00e1k meg.<\/p>\n<p><strong>A rendelet r\u00f6viden megfogalmazott szab\u00e1lyai:<\/strong><\/p>\n<p>A rendelet hat\u00e1lya belter\u00fcleten a mag\u00e1nszem\u00e9lyek h\u00e1ztart\u00e1si ig\u00e9nyeit kiel\u00e9g\u00edt\u0151 tev\u00e9kenys\u00e9gre terjed ki<\/p>\n<p style=\"padding-left: 30px;\">(1) Az ingatlanon zajhat\u00e1ssal j\u00e1r\u00f3 kertm\u0171vel\u00e9si, kert\u00e9p\u00edt\u00e9si, valamint kertfenntart\u00e1si tev\u00e9kenys\u00e9g, k\u00fcl\u00f6n\u00f6sen f\u0171ny\u00edr\u00e1s, motoros f\u0171kasza, kap\u00e1l\u00f3g\u00e9p, motorf\u0171r\u00e9sz haszn\u00e1lata, kerti traktor \u00fczemeltet\u00e9se vas\u00e1rnap \u00e9s munkasz\u00fcneti napon nem v\u00e9gezhet\u0151.<\/p>\n<p style=\"padding-left: 30px;\">(2) Az ingatlanon zajjal j\u00e1r\u00f3 karbantart\u00e1si, jav\u00edt\u00e1si, szerel\u00e9si, \u00e9p\u00edt\u00e9si munka, hobbi tev\u00e9kenys\u00e9g (pl. anyagv\u00e1g\u00e1s, k\u00f6sz\u00f6r\u00fcl\u00e9s, csiszol\u00e1s, f\u00far\u00e1s, v\u00e9s\u00e9s, kalap\u00e1l\u00e1s, f\u0171r\u00e9szg\u00e9p, betonkever\u0151 haszn\u00e1lata stb.) vas\u00e1rnap \u00e9s munkasz\u00fcneti napokon nem v\u00e9gezhet\u0151.<\/p>\n<p style=\"padding-left: 30px;\">(3) A (2) bekezd\u00e9s szerinti korl\u00e1toz\u00e1s al\u00f3l kiv\u00e9telt k\u00e9pez az azonnali beavatkoz\u00e1st ig\u00e9nyl\u0151 hibaelh\u00e1r\u00edt\u00e1s vagy vesz\u00e9lyelh\u00e1r\u00edt\u00e1s c\u00e9lj\u00e1b\u00f3l t\u00f6rt\u00e9n\u0151 munkav\u00e9gz\u00e9s.<\/p>\n<p><strong>A rendelet 2018. augusztus 25-\u00e9n l\u00e9pett hat\u00e1lyba.<\/strong><\/p>\n<p>Az \u00faj szab\u00e1lyoz\u00e1s szerint teh\u00e1t megs\u00e9rti a k\u00f6z\u00f6ss\u00e9gi egy\u00fctt\u00e9l\u00e9s alapvet\u0151 szab\u00e1lyait, aki vas\u00e1rnap \u00e9s \u00fcnnepnapokon lak\u00f3\u00f6vezet\u00e9ben zajt kelt\u0151 tev\u00e9kenys\u00e9get v\u00e9gez.<\/p>\n<p>A helyes \u00e9rtelmez\u00e9s alapj\u00e1n ugyanakkor h\u00e9tk\u00f6znapokon \u00e9s szombaton id\u0151korl\u00e1toz\u00e1s n\u00e9lk\u00fcl v\u00e9gezhet\u0151 a rendeletben eml\u00edtett zajkelt\u0151 tev\u00e9kenys\u00e9g a telep\u00fcl\u00e9sen.<\/p>\n<p>A rendelet szellem\u00e9ben k\u00f6lcs\u00f6n\u00f6sen tartsuk tiszteletben egym\u00e1s lak\u00f3k\u00f6rnyezeti pihen\u00e9s\u00e9t.<\/p>\n","protected":false},"excerpt":{"rendered":"<p>Rendeletet alkotott a Kisf\u00fczesi K\u00e9pvisel\u0151test\u00fclet a k\u00f6zs\u00e9g belter\u00fclet\u00e9re kiterjed\u0151en egyes zajkelt\u0151 eszk\u00f6z\u00f6k vas\u00e1rnap \u00e9s munkasz\u00fcneti napon t\u00f6rt\u00e9n\u0151 haszn\u00e1lat\u00e1nak korl\u00e1toz\u00e1s\u00e1r\u00f3l. Eddig nem volt helyi jogszab\u00e1ly a k\u00f6z\u00f6ss\u00e9gi egy\u00fctt\u00e9l\u00e9s alapvet\u0151 szab\u00e1lyair\u00f3l Kisf\u00fczesen, \u00edgy ezek megs\u00e9rt\u00e9se sem&#46;&#46;&#46;<\/p>\n","protected":false},"author":1,"featured_media":515,"comment_status":"closed","ping_status":"open","sticky":false,"template":"","format":"standard","meta":[],"categories":[37,12],"tags":[22,34,8],"_links":{"self":[{"href":"http:\/\/www.kisfuzes.hu\/index.php?rest_route=\/wp\/v2\/posts\/514"}],"collection":[{"href":"http:\/\/www.kisfuzes.hu\/index.php?rest_route=\/wp\/v2\/posts"}],"about":[{"href":"http:\/\/www.kisfuzes.hu\/index.php?rest_route=\/wp\/v2\/types\/post"}],"author":[{"embeddable":true,"href":"http:\/\/www.kisfuzes.hu\/index.php?rest_route=\/wp\/v2\/users\/1"}],"replies":[{"embeddable":true,"href":"http:\/\/www.kisfuzes.hu\/index.php?rest_route=%2Fwp%2Fv2%2Fcomments&post=514"}],"version-history":[{"count":3,"href":"http:\/\/www.kisfuzes.hu\/index.php?rest_route=\/wp\/v2\/posts\/514\/revisions"}],"predecessor-version":[{"id":518,"href":"http:\/\/www.kisfuzes.hu\/index.php?rest_route=\/wp\/v2\/posts\/514\/revisions\/518"}],"wp:featuredmedia":[{"embeddable":true,"href":"http:\/\/www.kisfuzes.hu\/index.php?rest_route=\/wp\/v2\/media\/515"}],"wp:attachment":[{"href":"http:\/\/www.kisfuzes.hu\/index.php?rest_route=%2Fwp%2Fv2%2Fmedia&parent=514"}],"wp:term":[{"taxonomy":"category","embeddable":true,"href":"http:\/\/www.kisfuzes.hu\/index.php?rest_route=%2Fwp%2Fv2%2Fcategories&post=514"},{"taxonomy":"post_tag","embeddable":true,"href":"http:\/\/www.kisfuzes.hu\/index.php?rest_route=%2Fwp%2Fv2%2Ftags&post=514"}],"curies":[{"name":"wp","href":"https:\/\/api.w.org\/{rel}","templated":true}]}}