{"id":372,"date":"2018-02-21T14:16:33","date_gmt":"2018-02-21T14:16:33","guid":{"rendered":"http:\/\/www.kisfuzes.hu\/?p=372"},"modified":"2018-02-22T14:27:26","modified_gmt":"2018-02-22T14:27:26","slug":"kisfuzes-tortenete","status":"publish","type":"post","link":"http:\/\/www.kisfuzes.hu\/?p=372","title":{"rendered":"Kisf\u00fczes t\u00f6rt\u00e9nete"},"content":{"rendered":"<p>Kisf\u00fczes k\u00f6zs\u00e9g Heves megye \u00e9szak-nyugati r\u00e9sz\u00e9n, a M\u00e1tra-h\u00e1ts\u00e1gon, P\u00e9terv\u00e1s\u00e1ra v\u00e1ros\u00e1t\u00f3l 5 km-re d\u00e9lkeletre tal\u00e1lhat\u00f3. Az alig 150 lelkes kisk\u00f6zs\u00e9g Heves megye legkisebb telep\u00fcl\u00e9se, ter\u00fclete mind\u00f6sszesen 4,81 km<sup>2<\/sup>. A falu a S\u00f3hegy \u00e9s a Cseng\u00e1rny\u00e9k alatti v\u00f6lgyben, a Hat\u00e1rlaposi patak mellett, hegyes-dombos vid\u00e9ken ter\u00fcl el. Hat\u00e1r\u00e1ban folyik a Tarna-patak, A telep\u00fcl\u00e9s szerkezete ma is \u0151rzi a pal\u00f3c hadak letelep\u00fcl\u00e9si rendj\u00e9t \u00e9s szok\u00e1sait.<\/p>\n<p>Kisf\u00fczes ismert t\u00f6rt\u00e9nelme m\u00e9lyen visszany\u00falik az \u00c1rp\u00e1d-h\u00e1zi kir\u00e1lyok kor\u00e1ig. <strong>Az els\u0151 okleveles eml\u00edt\u00e9se 1296-ban t\u00f6rt\u00e9nt Fyzes n\u00e9valakban<\/strong>, \u00e1m felt\u00e9telezhet\u0151, hogy m\u00e1r ezel\u0151tt is \u00e9lt magyar n\u00e9pess\u00e9g a ter\u00fcleten. <strong>1903-ig F\u00fczes n\u00e9ven ismert, majd ekkort\u00f3l lett Kisf\u00fczes. <\/strong><\/p>\n<p>1311-ben K\u00e1roly R\u00f3bert P\u00e9terv\u00e1s\u00e1r\u00e1t \u00e9s a k\u00f6rny\u00e9ken fekv\u0151 falvakat, k\u00f6zt\u00fck F\u00fczest is Sz\u00e9cs\u00e9nyi Tam\u00e1s erd\u00e9lyi vajd\u00e1nak adom\u00e1nyozta. 1426-ban az Iv\u00e1dy csal\u00e1d, 1489-ben a Kormos csal\u00e1d fennhat\u00f3s\u00e1ga al\u00e1 tartozott. 1549-ben k\u00f6znemesek birtokolt\u00e1k, ekkor m\u00e9g szerepelt a d\u00e9zsmajegyz\u00e9kben. A t\u00f6r\u00f6k\u00f6k egri ostroma \u00e9s \u00e9szaki porty\u00e1z\u00e1sa 1552-ben a telep\u00fcl\u00e9sre is hat\u00e1st gyakorolt. A t\u00f6r\u00f6k feld\u00falta, az emberek sz\u00e9tsz\u00e9ledtek, a falu a puszt\u00edt\u00e1s folyt\u00e1n eln\u00e9ptelenedett.<\/p>\n<p>A XVII. sz\u00e1zadban is mindv\u00e9gig lakatlan maradt. A XVIII. sz\u00e1zad elej\u00e9n a p\u00e9terv\u00e1s\u00e1raiak haszn\u00e1lt\u00e1k f\u00f6ldjeit. 1734-ben Mihalek Mikl\u00f3sn\u00e9 sz\u00fcletett Dorogfi Judit \u00e9s Patay Krist\u00f3fn\u00e9, ugyancsak Dorogfi Judit, F\u00fczesi birtokr\u00e9sz\u00fcket eladt\u00e1k s\u00f3goruknak, Okolics\u00e1nyi M\u00e1ty\u00e1snak. 1736-ban a Rag\u00e1lyi-any\u00e1t\u00f3l sz\u00fcletett Zsoldos csal\u00e1dtagok a f\u00fczesi \u00fan. Vereb\u00e9lyi-jusst eladt\u00e1k Gell\u00e9n Istv\u00e1nnak \u00e9s G\u00e1bornak. A Gell\u00e9n \u00e9s Okolics\u00e1nyi rokons\u00e1g 1738 t\u00e1j\u00e1n ben\u00e9pes\u00edtette a mind\u00f6ssze 4-5 jobb\u00e1gytelekb\u0151l \u00e1ll\u00f3 telep\u00fcl\u00e9st, amely a XIX. sz\u00e1zad els\u0151 fel\u00e9ben az Okolics\u00e1nyi, Szerelem \u00e9s F\u00e1y csal\u00e1dok birtok\u00e1ban volt.<\/p>\n<p>1770-ben az \u00farb\u00e9rrendez\u00e9s el\u0151tt csak 3 jobb\u00e1gy volt: <em>\u201emindh\u00e1rman sz\u00e1nt\u00e1s\u00e9rt, d\u00e9zsm\u00e1\u00e9rt \u00e9s tax\u00e1\u00e9rt fizet\u00fcnk 72 forintokat\u201d<\/em> A robot a szerz\u0151d\u00e9s szerint egy h\u00e9t kasz\u00e1l\u00e1s a Tenken \u00e9s hossz\u00fafuvar a Torna megyei Varb\u00f3cra. 1771-ben az \u00farb\u00e9rrendez\u00e9s sor\u00e1n a falut harmadik oszt\u00e1ly\u00fanak min\u0151s\u00edtett\u00e9k \u00e9s 30 hold sz\u00e1nt\u00f3t, 8 kasz\u00e1s r\u00e9tet adtak minden telekhez. L\u00e9leksz\u00e1ma 1786-ban 159 f\u0151, 1860-ban 235 f\u0151 volt.<\/p>\n<p>A t\u00f6rt\u00e9nelmi kutat\u00e1sok alapj\u00e1n a telep\u00fcl\u00e9s egyetlen fennmaradt jelk\u00e9pe, az <strong>1778-ban k\u00e9sz\u00fclt k\u00f6zs\u00e9gi pecs\u00e9t<\/strong>. A pecs\u00e9t lenyomata f\u00f6ldb\u0151l kin\u00f6v\u0151 f\u0171zf\u00e1t \u00e1br\u00e1zol, egyik oldal\u00e1n \u201eF\u00fczes\u201d m\u00e1sikon \u201e1778\u201d felirattal.<\/p>\n<div id=\"attachment_373\" style=\"width: 442px\" class=\"wp-caption aligncenter\"><img aria-describedby=\"caption-attachment-373\" decoding=\"async\" loading=\"lazy\" class=\"wp-image-373 size-full\" title=\"Kisf\u00fczes pecs\u00e9tje 1778.\" src=\"http:\/\/www.kisfuzes.hu\/wp-content\/uploads\/2018\/02\/kfpet.jpg\" alt=\"\" width=\"432\" height=\"400\" srcset=\"http:\/\/www.kisfuzes.hu\/wp-content\/uploads\/2018\/02\/kfpet.jpg 432w, http:\/\/www.kisfuzes.hu\/wp-content\/uploads\/2018\/02\/kfpet-300x278.jpg 300w\" sizes=\"(max-width: 432px) 100vw, 432px\" \/><p id=\"caption-attachment-373\" class=\"wp-caption-text\">Kisf\u00fczes pecs\u00e9tje 1778.<\/p><\/div>\n<p>&nbsp;<\/p>\n<p>1900-ban 236 magyar nemzetis\u00e9g\u0171 polg\u00e1r lakta a telep\u00fcl\u00e9st. Az I. vil\u00e1gh\u00e1bor\u00faban katonak\u00e9nt 45 helyb\u00e9li vett r\u00e9szt, kilencen h\u0151si hal\u00e1lt haltak. Kisf\u00fczes l\u00e9leksz\u00e1ma 1930-ban 334 f\u0151t tett ki. H\u00e1zainak sz\u00e1ma 99, ezek legnagyobb r\u00e9sze k\u0151alappal \u00e9p\u00fclt v\u00e1lyogh\u00e1z. A tank\u00f6teles gyermekek oktat\u00e1s\u00e1t egy r\u00f3mai katolikus elemi \u00e9s \u00e1ltal\u00e1nos tov\u00e1bbk\u00e9pz\u0151 iskola l\u00e1tta el. A lakoss\u00e1g nagy t\u00f6bbs\u00e9ge f\u00f6ldm\u0171vel\u00e9sb\u0151l \u00e9lt; \u0151stermel\u0151 310, iparos 16, keresked\u0151 6, k\u00f6zszolg\u00e1lati alkalmazott 2 f\u0151 volt.<\/p>\n<p>Kisf\u00fczes 1895. \u00e9vt\u0151l a p\u00e9terv\u00e1s\u00e1rai anyak\u00f6nyvi ker\u00fclethez tartozott. 1951. \u00e9s 1970. k\u00f6z\u00f6tt \u00f6n\u00e1ll\u00f3, 1970-t\u0151l pedig a p\u00e9terv\u00e1s\u00e1rai k\u00f6rjegyz\u0151s\u00e9g tagtelep\u00fcl\u00e9se. 1950-ben alakult meg \u00f6n\u00e1ll\u00f3 tan\u00e1csa. 1970-ben P\u00e9terv\u00e1s\u00e1ra K\u00f6zs\u00e9gi K\u00f6z\u00f6s Tan\u00e1cs t\u00e1rsk\u00f6zs\u00e9ge lett. 1990-ben megalakult a k\u00f6zs\u00e9g \u00f6nkorm\u00e1nyzata.<\/p>\n<p><strong>Templom\u00e9p\u00edt\u00e9s nyomai Kisf\u00fczesen<\/strong><\/p>\n<p>1811.\u00e9vben a P\u00e9terv\u00e1s\u00e1rai pl\u00e9b\u00e1ni\u00e1hoz tartoz\u00f3 Kisf\u00fczesi f\u00edli\u00e1ban (fi\u00f3kegyh\u00e1z) Sz\u00e1z J\u00e1nos p\u00e9terv\u00e1s\u00e1rai pl\u00e9b\u00e1nos f\u0151leg saj\u00e1t p\u00e9nz\u00e9n kis templomot akart \u00e9p\u00edttetni. M\u00e1r \u00f6sszehordatta az \u00f6sszes \u00e9p\u00edt\u00e9si anyagot, beszerezte Nepomuki Szent J\u00e1nos olt\u00e1rk\u00e9p\u00e9t, mik\u00f6zben Keglevich gr\u00f3fn\u0151 1000 forintot \u00edg\u00e9rt hozz\u00e1j\u00e1rul\u00e1sk\u00e9nt. De Keglevich K\u00e1roly gr\u00f3f, akinek telk\u00e9n a templom \u00e9p\u00edt\u00e9s\u00e9t megkezdt\u00e9k le\u00e1ll\u00edttatta az \u00e9p\u00edtkez\u00e9st, ami\u00e9rt azt egy p\u00e9terv\u00e1s\u00e1rai parasztemberrel v\u00e9geztette a pl\u00e9b\u00e1nos, \u00e9s az alapokat nem m\u00e9szhabarccsal, hanem csak s\u00e1rral k\u00f6t\u00f6tte. Nem volt templom-form\u00e1ja az \u00e9p\u00fcletnek. 1813-ban Csoma f\u00f6ldes\u00far adott telket, majd Povolny Ferenc egri \u00e9p\u00edt\u0151mester elk\u00e9sz\u00edtette az \u00faj templomtervet, amelyet az \u00e9rsek helybenhagyott. Ezt kiadt\u00e1k a p\u00e9terv\u00e1s\u00e1rai pl\u00e9b\u00e1nosnak. Az el\u0151z\u0151leg megkezdett kis templomot, melyet pedig m\u00e1r a mennyezetig felh\u00faztak, sz\u00e9trombolt\u00e1k. Az \u00faj terv szerinti \u00e9p\u00edtkez\u00e9st azonban nem kezdt\u00e9k meg. 1818-ban Sz\u00e1z J\u00e1nost, mint rossz papot elhelyezt\u00e9k P\u00e9terv\u00e1s\u00e1r\u00e1r\u00f3l, \u00edgy a kisf\u00fczesi templom\u00e9p\u00edt\u00e9s \u00fcgye az \u0151 t\u00e1voz\u00e1sa ut\u00e1n abbamaradt. Sz\u00e1z J\u00e1nos volt a P\u00e9terv\u00e1s\u00e1rai templom \u00e9p\u00edttet\u0151-pl\u00e9b\u00e1nosa, terv\u00e9t ott is Povolny Ferenc dolgozta ki \u00e9s val\u00f3s\u00edtotta meg.<\/p>\n","protected":false},"excerpt":{"rendered":"<p>Kisf\u00fczes k\u00f6zs\u00e9g Heves megye \u00e9szak-nyugati r\u00e9sz\u00e9n, a M\u00e1tra-h\u00e1ts\u00e1gon, P\u00e9terv\u00e1s\u00e1ra v\u00e1ros\u00e1t\u00f3l 5 km-re d\u00e9lkeletre tal\u00e1lhat\u00f3. Az alig 150 lelkes kisk\u00f6zs\u00e9g Heves megye legkisebb telep\u00fcl\u00e9se, ter\u00fclete mind\u00f6sszesen 4,81 km2. A falu a S\u00f3hegy \u00e9s a Cseng\u00e1rny\u00e9k&#46;&#46;&#46;<\/p>\n","protected":false},"author":1,"featured_media":376,"comment_status":"closed","ping_status":"open","sticky":false,"template":"","format":"standard","meta":[],"categories":[1],"tags":[],"_links":{"self":[{"href":"http:\/\/www.kisfuzes.hu\/index.php?rest_route=\/wp\/v2\/posts\/372"}],"collection":[{"href":"http:\/\/www.kisfuzes.hu\/index.php?rest_route=\/wp\/v2\/posts"}],"about":[{"href":"http:\/\/www.kisfuzes.hu\/index.php?rest_route=\/wp\/v2\/types\/post"}],"author":[{"embeddable":true,"href":"http:\/\/www.kisfuzes.hu\/index.php?rest_route=\/wp\/v2\/users\/1"}],"replies":[{"embeddable":true,"href":"http:\/\/www.kisfuzes.hu\/index.php?rest_route=%2Fwp%2Fv2%2Fcomments&post=372"}],"version-history":[{"count":2,"href":"http:\/\/www.kisfuzes.hu\/index.php?rest_route=\/wp\/v2\/posts\/372\/revisions"}],"predecessor-version":[{"id":375,"href":"http:\/\/www.kisfuzes.hu\/index.php?rest_route=\/wp\/v2\/posts\/372\/revisions\/375"}],"wp:featuredmedia":[{"embeddable":true,"href":"http:\/\/www.kisfuzes.hu\/index.php?rest_route=\/wp\/v2\/media\/376"}],"wp:attachment":[{"href":"http:\/\/www.kisfuzes.hu\/index.php?rest_route=%2Fwp%2Fv2%2Fmedia&parent=372"}],"wp:term":[{"taxonomy":"category","embeddable":true,"href":"http:\/\/www.kisfuzes.hu\/index.php?rest_route=%2Fwp%2Fv2%2Fcategories&post=372"},{"taxonomy":"post_tag","embeddable":true,"href":"http:\/\/www.kisfuzes.hu\/index.php?rest_route=%2Fwp%2Fv2%2Ftags&post=372"}],"curies":[{"name":"wp","href":"https:\/\/api.w.org\/{rel}","templated":true}]}}