{"id":206,"date":"2016-08-21T16:27:14","date_gmt":"2016-08-21T16:27:14","guid":{"rendered":"http:\/\/www.kisfuzes.hu\/?p=206"},"modified":"2018-10-01T12:28:34","modified_gmt":"2018-10-01T12:28:34","slug":"nyitvatartas","status":"publish","type":"post","link":"http:\/\/www.kisfuzes.hu\/?p=206","title":{"rendered":"M\u0171vel\u0151d\u00e9si h\u00e1z helyett K\u00f6z\u00f6ss\u00e9gi Sz\u00ednt\u00e9r"},"content":{"rendered":"<p>A k\u00f6zm\u0171vel\u0151d\u00e9si feladatell\u00e1t\u00e1st a muze\u00e1lis int\u00e9zm\u00e9nyekr\u0151l, a nyilv\u00e1nos k\u00f6nyvt\u00e1ri ell\u00e1t\u00e1sr\u00f3l \u00e9s a k\u00f6zm\u0171vel\u0151d\u00e9sr\u0151l sz\u00f3l\u00f3 1997. \u00e9vi CXL. t\u00f6rv\u00e9ny szab\u00e1lyozza, amelynek a 2017. \u00e9vi LXVII. t\u00f6rv\u00e9ny \u00e1ltal t\u00f6rt\u00e9n\u0151 m\u00f3dos\u00edt\u00e1sa 2018. janu\u00e1r 1. napj\u00e1val \u00fajraszab\u00e1lyozta a telep\u00fcl\u00e9si \u00f6nkorm\u00e1nyzatok k\u00f6zm\u0171vel\u0151d\u00e9si feladatait, alapszolg\u00e1ltat\u00e1sait, egy\u00fattal k\u00f6telez\u0151 \u00f6nkorm\u00e1nyzati feladatt\u00e1 tette a helyi k\u00f6zm\u0171vel\u0151d\u00e9si tev\u00e9kenys\u00e9g t\u00e1mogat\u00e1s\u00e1t.<\/p>\n<p>Ehhez a m\u00f3dos\u00edt\u00e1shoz kapcsol\u00f3d\u00f3an sz\u00fcletett meg a 2018. j\u00falius 17-\u00e9n hat\u00e1lyba l\u00e9p\u0151 a k\u00f6zm\u0171vel\u0151d\u00e9si alapszolg\u00e1ltat\u00e1sok, valamint a k\u00f6zm\u0171vel\u0151d\u00e9si int\u00e9zm\u00e9nyek \u00e9s a k\u00f6z\u00f6ss\u00e9gi sz\u00ednterek k\u00f6vetelm\u00e9nyeir\u0151l sz\u00f3l\u00f3 20\/2018. (VII.9.) EMMI rendelet.<\/p>\n<p>A t\u00f6rv\u00e9ny 83\/A. \u00a7 (1) bekezd\u00e9se felhatalmaz\u00e1st ad az \u00f6nkorm\u00e1nyzatok sz\u00e1m\u00e1ra, hogy a helyi t\u00e1rsadalom m\u0171vel\u0151d\u00e9si \u00e9rdekeinek \u00e9s kultur\u00e1lis sz\u00fcks\u00e9gleteinek figyelembev\u00e9tel\u00e9vel, a t\u00f6rv\u00e9ny \u00e9s a helyi lehet\u0151s\u00e9gek, saj\u00e1toss\u00e1gok alapj\u00e1n rendeletben hat\u00e1rozza meg az ell\u00e1tand\u00f3 k\u00f6zm\u0171vel\u0151d\u00e9si alapszolg\u00e1ltat\u00e1sok k\u00f6r\u00e9t, valamint a feladatell\u00e1t\u00e1s\u00e1nak form\u00e1j\u00e1t, m\u00f3dj\u00e1t \u00e9s m\u00e9rt\u00e9k\u00e9t. Mindk\u00e9t jogszab\u00e1ly meghat\u00e1rozza a k\u00f6zm\u0171vel\u0151d\u00e9sr\u0151l sz\u00f3l\u00f3 rendelet tartalmi elemeit. Ennek a felhatalmaz\u00e1snak tett eleget Kisf\u00fczes K\u00e9pvisel\u0151test\u00fclete a 2018. augusztus 22-i \u00fcl\u00e9s\u00e9n. A rendelet szerint az \u00f6nkorm\u00e1nyzat k\u00f6z\u00f6ss\u00e9gi sz\u00ednteret biztos\u00edt a k\u00f6zm\u0171vel\u0151d\u00e9si alapszolg\u00e1ltat\u00e1sok folyamatos hozz\u00e1f\u00e9rhet\u0151s\u00e9ge \u00e9rdek\u00e9ben. A K\u00f6z\u00f6ss\u00e9gi Sz\u00ednt\u00e9r a telep\u00fcl\u00e9si k\u00f6z\u00f6ss\u00e9gi m\u0171vel\u0151d\u00e9s szervez\u00e9se \u00e9rdek\u00e9ben fenntartott \u00e9s m\u0171k\u00f6dtetett jogi szem\u00e9lyis\u00e9ggel nem rendelkez\u0151 l\u00e9tes\u00edtm\u00e9ny, helyis\u00e9gegy\u00fcttes. Kisf\u00fczes eset\u00e9ben ez a Kulturh\u00e1z.<\/p>\n<p>Az \u00d6nkorm\u00e1nyzat, a k\u00f6zm\u0171vel\u0151d\u00e9si feladatait k\u00f6zvetlen\u00fcl az \u00e1ltala alap\u00edtott \u00e9s fenntartott <strong>K\u00f6z\u00f6ss\u00e9gi Sz\u00ednt\u00e9rben (Kulturh\u00e1z)<\/strong> &#8211; az eddigi M\u0171vel\u0151d\u00e9si h\u00e1z &#8211; Kisf\u00fczes, D\u00f3zsa Gy. \u00fat 16.,<\/p>\n<p>valamint a <strong>K\u00f6nyvt\u00e1ri Inform\u00e1ci\u00f3s \u00e9s K\u00f6z\u00f6ss\u00e9gi Helyen (K\u00f6zs\u00e9gh\u00e1za)<\/strong> (tov\u00e1bbiakban: <strong>Fi\u00f3k-k\u00f6nyvt\u00e1r<\/strong>) Kisf\u00fczes, Szabads\u00e1g t\u00e9r 2. l\u00e1tja el.<strong>\u00a0<\/strong><\/p>\n<hr \/>\n<p><strong>A K\u00f6z\u00f6ss\u00e9gi Sz\u00ednt\u00e9r (Kulturh\u00e1z) m\u0171k\u00f6dtet\u00e9se:<\/strong><\/p>\n<p>Az \u00d6nkorm\u00e1nyzat a K\u00f6z\u00f6ss\u00e9gi Sz\u00ednt\u00e9r fenntart\u00f3jak\u00e9nt biztos\u00edtja, hogy a telep\u00fcl\u00e9sen a lakoss\u00e1g \u00f6nszervez\u0151d\u0151 k\u00f6z\u00f6ss\u00e9gei megfelel\u0151 rendszeress\u00e9ggel vehess\u00e9k ig\u00e9nybe a K\u00f6z\u00f6ss\u00e9gi Sz\u00ednt\u00e9r \u00e1ltal biztos\u00edtott k\u00f6zm\u0171vel\u0151d\u00e9si alapszolg\u00e1ltat\u00e1sokat \u00e9s az ig\u00e9nybev\u00e9tel idej\u00e9re a jogszab\u00e1lyban meghat\u00e1rozott m\u0171k\u00f6d\u00e9si felt\u00e9telek rendelkez\u00e9sre \u00e1lljanak.<\/p>\n<p>A K\u00f6z\u00f6ss\u00e9gi Sz\u00ednt\u00e9r m\u0171k\u00f6dtet\u00e9se <strong>2020. december 31. napj\u00e1ig ideiglenesen<\/strong> a Kisf\u00fczesi Falugondnoki szolg\u00e1ltat\u00e1s szervezeti keret\u00e9ben t\u00f6rt\u00e9nik.<strong> Ezt k\u00f6vet\u0151en<\/strong> a t\u00f6rv\u00e9ny szerint <strong>k\u00f6z\u00e9pfok\u00fa szakir\u00e1ny\u00fa v\u00e9gzetts\u00e9g\u0171 k\u00f6zm\u0171vel\u0151d\u00e9si szakembert kell foglalkoztatni<\/strong>.<\/p>\n<p>Ha a M\u0171vel\u0151d\u00e9si h\u00e1z elnevez\u00e9s maradna az int\u00e9zm\u00e9nyi forma, napi 8 \u00f3r\u00e1ban kellene nyitvatartani, \u00e9s fels\u0151fok\u00fa szakir\u00e1ny\u00fa v\u00e9gzetts\u00e9g\u0171 szakembert alkalmazni.<\/p>\n<p><strong>A K\u00f6z\u00f6ss\u00e9gi Sz\u00ednt\u00e9r (Kulturh\u00e1z) nyitvatart\u00e1sa: <\/strong><\/p>\n<p>A k\u00f6zm\u0171vel\u0151d\u00e9si alapszolg\u00e1ltat\u00e1sok, valamint a k\u00f6zm\u0171vel\u0151d\u00e9si int\u00e9zm\u00e9nyek \u00e9s a k\u00f6z\u00f6ss\u00e9gi sz\u00ednterek k\u00f6vetelm\u00e9nyeir\u0151l sz\u00f3l\u00f3 20\/2018.(VII.9.) EMMI rendelet 12. \u00a7 (2) bekezd\u00e9se szerint a k\u00f6z\u00f6ss\u00e9gi sz\u00ednt\u00e9r legal\u00e1bb a h\u00e9t h\u00e1rom napj\u00e1n legal\u00e1bb napi 4 \u00f3r\u00e1ban nyitva tart, melyb\u0151l legal\u00e1bb egy napnak szabadnapra kell esnie, tov\u00e1bb\u00e1 legal\u00e1bb a h\u00e9t egy napj\u00e1n mag\u00e1ban kell foglalnia a 16.00-19.00 \u00f3ra k\u00f6z\u00f6tti id\u0151szakot.<\/p>\n<p><strong>Ennek megfelel\u0151en a kisf\u00fczesi K\u00f6z\u00f6ss\u00e9gi Sz\u00ednt\u00e9r (Kulturh\u00e1z) nyitvatart\u00e1sa az al\u00e1bbi:<\/strong><\/p>\n<ul>\n<li>h\u00e9tf\u0151: <strong>10.00-14.00<\/strong> \u00f3ra k\u00f6z\u00f6tt<\/li>\n<li>kedd: <strong>9.00-13.00 <\/strong>\u00f3ra k\u00f6z\u00f6tt<\/li>\n<li>szerda: SZABADNAP<\/li>\n<li>cs\u00fct\u00f6rt\u00f6k: SZABADNAP<\/li>\n<li>p\u00e9ntek: <strong>9.00-13.00 <\/strong>\u00f3ra k\u00f6z\u00f6tt<\/li>\n<li>szombat: <strong>16.00-19.00<\/strong> \u00f3ra k\u00f6z\u00f6tt<\/li>\n<li>vas\u00e1rnap: SZ\u00dcNNAP<\/li>\n<\/ul>\n<p><strong>A K\u00f6z\u00f6ss\u00e9gi Sz\u00ednt\u00e9r (Kulturh\u00e1z) ig\u00e9nybev\u00e9tele:<\/strong><\/p>\n<p>A K\u00f6z\u00f6ss\u00e9gi Sz\u00ednteret minden \u00e9rdekl\u0151d\u0151 l\u00e1togathatja, ig\u00e9nybe veheti szolg\u00e1ltat\u00e1sait, berendez\u00e9seit \u00e9s m\u00e1s eszk\u00f6zeit. Az ig\u00e9nybev\u00e9tel el\u0151zetes egyeztet\u00e9s alapj\u00e1n, teljesk\u00f6r\u0171 felel\u0151ss\u00e9g v\u00e1llal\u00e1s\u00e1val t\u00f6rt\u00e9nhet az al\u00e1bbiak szerint:<\/p>\n<ol>\n<li>A K\u00f6z\u00f6ss\u00e9gi Sz\u00ednt\u00e9r helyis\u00e9geinek ig\u00e9nybev\u00e9teli sz\u00e1nd\u00e9k\u00e1t legal\u00e1bb 5 nappal a tervezett ig\u00e9nybev\u00e9tel el\u0151tt kell k\u00e9rni. Alapesetben, illetve t\u00f6bb k\u00e9relmez\u0151 eset\u00e9ben a helyis\u00e9ghaszn\u00e1lati ig\u00e9nyekr\u0151l a polg\u00e1rmester d\u00f6nt.<\/li>\n<li>Az \u00d6nkorm\u00e1nyzat term\u00e9szetbeni juttat\u00e1sk\u00e9nt a k\u00f6zs\u00e9gben m\u0171k\u00f6d\u0151 \u00f6nszervez\u0151d\u0151 k\u00f6z\u00f6ss\u00e9gek r\u00e9sz\u00e9re ingyenesen biztos\u00edtja a K\u00f6z\u00f6ss\u00e9gi Sz\u00ednt\u00e9r helyis\u00e9geinek ig\u00e9nybev\u00e9tel\u00e9t. M\u00e1s szervezetek vonatkoz\u00e1s\u00e1ban a polg\u00e1rmester d\u00f6nt a helyis\u00e9gek ingyenes ig\u00e9nybev\u00e9tel\u00e9nek lehet\u0151s\u00e9g\u00e9r\u0151l.<\/li>\n<li>B\u00e9rleti d\u00edjk\u00f6teles tev\u00e9kenys\u00e9gek, szolg\u00e1ltat\u00e1sok:<\/li>\n<\/ol>\n<ul>\n<li>kirakod\u00f3v\u00e1s\u00e1ri tev\u00e9kenys\u00e9g c\u00e9lj\u00e1ra, illetve minden egy\u00e9b \u00fczleti c\u00e9l\u00fa v\u00e1llalkoz\u00e1s, term\u00e9kbemutat\u00f3 ig\u00e9nybev\u00e9tel\u00e9re,<\/li>\n<li>mag\u00e1nszem\u00e9lyek r\u00e9sz\u00e9re az \u00e1ltaluk szervezett mag\u00e1nc\u00e9l\u00fa rendezv\u00e9nyek megtart\u00e1s\u00e1ra,<\/li>\n<li>a nem \u00f6nkorm\u00e1nyzat \u00e1ltal, valamint a nem a<\/li>\n<\/ul>\n<p>k\u00f6zs\u00e9gben m\u0171k\u00f6d\u0151 civil szervezetek \u00e1ltal szervezett zen\u00e9s, t\u00e1ncos rendezv\u00e9nyek,<\/p>\n<ul>\n<li>minden olyan kultur\u00e1lis tev\u00e9kenys\u00e9g, amely a K\u00f6z\u00f6ss\u00e9gi Sz\u00ednt\u00e9r fenntart\u00e1s\u00e1t biztos\u00edt\u00f3 \u00f6nkorm\u00e1nyzati k\u00f6lts\u00e9gvet\u00e9sb\u0151l k\u00f6zvetlen kiad\u00e1ssal j\u00e1r.<\/li>\n<\/ul>\n<ol start=\"4\">\n<li>A K\u00f6z\u00f6ss\u00e9gi Sz\u00ednt\u00e9r haszn\u00e1lata sor\u00e1n a H\u00e1zirend betart\u00e1sa k\u00f6telez\u0151.<strong><br \/>\n<\/strong><\/li>\n<\/ol>\n<hr \/>\n<p><strong>A K\u00f6z\u00f6ss\u00e9gi Sz\u00ednt\u00e9r (Kulturh\u00e1z) H\u00e1zirendje:<\/strong><\/p>\n<ol>\n<li>A K\u00f6z\u00f6ss\u00e9gi Sz\u00ednteret, helyis\u00e9geit nyitvatart\u00e1si id\u0151ben minden \u00e9rdekl\u0151d\u0151 l\u00e1togathatja, ig\u00e9nybe veheti kultur\u00e1lis szolg\u00e1ltat\u00e1sait, berendez\u00e9seit, felszerel\u00e9seit \u00e9s m\u00e1s eszk\u00f6zeit.<\/li>\n<li>A K\u00f6z\u00f6ss\u00e9gi Sz\u00ednteret annak rendeltet\u00e9se szerint, &#8211; szervezett, k\u00f6t\u00f6tt program kiv\u00e9tel\u00e9vel minden \u00e9rdekl\u0151d\u0151, &#8211; ig\u00e9nybev\u00e9teli sz\u00e1nd\u00e9k bejelent\u00e9se n\u00e9lk\u00fcl &#8211; szabadon haszn\u00e1lhatja.<\/li>\n<li>Az el\u0151zetes bejelent\u00e9ssel t\u00f6rt\u00e9n\u0151 ig\u00e9nybev\u00e9tel eset\u00e9n, annak teljesk\u00f6r\u0171 felel\u0151ss\u00e9g v\u00e1llal\u00e1s\u00e1val t\u00f6rt\u00e9nhet.<\/li>\n<li>A K\u00f6z\u00f6ss\u00e9gi Sz\u00ednt\u00e9r helyis\u00e9geiben minden l\u00e1togat\u00f3 k\u00f6teles a k\u00f6z\u00f6ss\u00e9gi \u00e9s t\u00e1rsas \u00e9let szab\u00e1lyait betartani, kultur\u00e1lt magatart\u00e1st tan\u00fas\u00edtani.<\/li>\n<li>A K\u00f6z\u00f6ss\u00e9gi Sz\u00ednt\u00e9rk\u00e9nt m\u0171k\u00f6d\u0151 helyis\u00e9gek, k\u00f6z\u00f6ss\u00e9gi c\u00e9lokat szolg\u00e1lnak, ez\u00e9rt v\u00e9delme, berendez\u00e9s\u00e9nek \u00e9s felszerel\u00e9s\u00e9nek anyagi felel\u0151ss\u00e9ggel t\u00f6rt\u00e9n\u0151 haszn\u00e1lata, a tisztas\u00e1g \u00e9s rend meg\u00f3v\u00e1sa minden l\u00e1togat\u00f3 k\u00f6teless\u00e9ge.<\/li>\n<li>A l\u00e1togat\u00f3 szem\u00e9lyes t\u00e1rgyainak meg\u00f3v\u00e1s\u00e1\u00e9rt az \u00d6nkorm\u00e1nyzat felel\u0151ss\u00e9get nem v\u00e1llal.<\/li>\n<li>A K\u00f6z\u00f6ss\u00e9gi Sz\u00ednt\u00e9r helyis\u00e9geiben 14 \u00e9ven aluliak 20.00 \u00f3ra ut\u00e1n csak sz\u00fcl\u0151, vagy feln\u0151tt kor\u00fa szem\u00e9ly fel\u00fcgyelete mellett tart\u00f3zkodhatnak.<\/li>\n<\/ol>\n<p>A K\u00f6z\u00f6ss\u00e9gi Sz\u00ednt\u00e9r m\u0171k\u00f6dtet\u00e9s\u00e9t a fenntart\u00f3 \u00d6nkorm\u00e1nyzati K\u00e9pvisel\u0151test\u00fclet \u00e1ltal j\u00f3v\u00e1hagyott Haszn\u00e1lati Szab\u00e1lyzat tartalmazza.<\/p>\n<p>Ez a szab\u00e1lyzat 2018. szeptember 1. napj\u00e1n l\u00e9pett hat\u00e1lyba.<strong>\u00a0<\/strong><\/p>\n<hr \/>\n<p><strong>A Fi\u00f3kk\u00f6nyvt\u00e1r m\u0171k\u00f6dtet\u00e9se:<\/strong><\/p>\n<p>A Fi\u00f3kk\u00f6nyvt\u00e1r m\u0171k\u00f6dtet\u00e9se a Br\u00f3dy S\u00e1ndor Megyei \u00e9s V\u00e1rosi K\u00f6nyvt\u00e1rral (Eger, Kossuth Lajos u. 16.) k\u00f6t\u00f6tt k\u00fcl\u00f6n meg\u00e1llapod\u00e1s alapj\u00e1n t\u00f6rt\u00e9nik.<\/p>\n<p>A Fi\u00f3kk\u00f6nyvt\u00e1r m\u0171k\u00f6dtet\u00e9s\u00e9ben az \u00d6nkorm\u00e1nyzat \u00e1ltal ell\u00e1tand\u00f3 feladatok:<\/p>\n<ol>\n<li>a) Az \u00d6nkorm\u00e1nyzat v\u00e9gzi a lakoss\u00e1g nyilv\u00e1nos k\u00f6nyvt\u00e1ri ell\u00e1t\u00e1s\u00e1nak k\u00f6telez\u0151 feladat\u00e1b\u00f3l ered\u0151 teend\u0151ket.<\/li>\n<li>b) Rendszeres nyitvatart\u00e1ssal, alkalmazott biztos\u00edt\u00e1s\u00e1val, a lakoss\u00e1g r\u00e9sz\u00e9re t\u00e9r\u00edt\u00e9smentesen m\u0171k\u00f6dteti a k\u00f6nyvt\u00e1ri szolg\u00e1ltat\u00f3 helyet.<\/li>\n<li>c) K\u00f6lts\u00e9gvet\u00e9s\u00e9ben gondoskodik a Fi\u00f3kk\u00f6nyvt\u00e1r m\u0171k\u00f6d\u00e9si felt\u00e9teleir\u0151l. Gondoskodik a helyis\u00e9g f\u0171t\u00e9s\u00e9r\u0151l, vil\u00e1g\u00edt\u00e1s\u00e1r\u00f3l, takar\u00edt\u00e1s\u00e1r\u00f3l, az \u00e1llom\u00e1ny \u00e9s a berendez\u00e9sek biztos\u00edt\u00e1s\u00e1r\u00f3l.<\/li>\n<li>d) Az elektronikus inform\u00e1ci\u00f3 szolg\u00e1ltat\u00e1sok ig\u00e9nybev\u00e9tel\u00e9hez internet szolg\u00e1ltat\u00e1st biztos\u00edt.<\/li>\n<\/ol>\n","protected":false},"excerpt":{"rendered":"<p>A k\u00f6zm\u0171vel\u0151d\u00e9si feladatell\u00e1t\u00e1st a muze\u00e1lis int\u00e9zm\u00e9nyekr\u0151l, a nyilv\u00e1nos k\u00f6nyvt\u00e1ri ell\u00e1t\u00e1sr\u00f3l \u00e9s a k\u00f6zm\u0171vel\u0151d\u00e9sr\u0151l sz\u00f3l\u00f3 1997. \u00e9vi CXL. t\u00f6rv\u00e9ny szab\u00e1lyozza, amelynek a 2017. \u00e9vi LXVII. t\u00f6rv\u00e9ny \u00e1ltal t\u00f6rt\u00e9n\u0151 m\u00f3dos\u00edt\u00e1sa 2018. janu\u00e1r 1. napj\u00e1val \u00fajraszab\u00e1lyozta a&#46;&#46;&#46;<\/p>\n","protected":false},"author":1,"featured_media":519,"comment_status":"closed","ping_status":"open","sticky":false,"template":"","format":"standard","meta":[],"categories":[13],"tags":[22,14],"_links":{"self":[{"href":"http:\/\/www.kisfuzes.hu\/index.php?rest_route=\/wp\/v2\/posts\/206"}],"collection":[{"href":"http:\/\/www.kisfuzes.hu\/index.php?rest_route=\/wp\/v2\/posts"}],"about":[{"href":"http:\/\/www.kisfuzes.hu\/index.php?rest_route=\/wp\/v2\/types\/post"}],"author":[{"embeddable":true,"href":"http:\/\/www.kisfuzes.hu\/index.php?rest_route=\/wp\/v2\/users\/1"}],"replies":[{"embeddable":true,"href":"http:\/\/www.kisfuzes.hu\/index.php?rest_route=%2Fwp%2Fv2%2Fcomments&post=206"}],"version-history":[{"count":4,"href":"http:\/\/www.kisfuzes.hu\/index.php?rest_route=\/wp\/v2\/posts\/206\/revisions"}],"predecessor-version":[{"id":522,"href":"http:\/\/www.kisfuzes.hu\/index.php?rest_route=\/wp\/v2\/posts\/206\/revisions\/522"}],"wp:featuredmedia":[{"embeddable":true,"href":"http:\/\/www.kisfuzes.hu\/index.php?rest_route=\/wp\/v2\/media\/519"}],"wp:attachment":[{"href":"http:\/\/www.kisfuzes.hu\/index.php?rest_route=%2Fwp%2Fv2%2Fmedia&parent=206"}],"wp:term":[{"taxonomy":"category","embeddable":true,"href":"http:\/\/www.kisfuzes.hu\/index.php?rest_route=%2Fwp%2Fv2%2Fcategories&post=206"},{"taxonomy":"post_tag","embeddable":true,"href":"http:\/\/www.kisfuzes.hu\/index.php?rest_route=%2Fwp%2Fv2%2Ftags&post=206"}],"curies":[{"name":"wp","href":"https:\/\/api.w.org\/{rel}","templated":true}]}}