{"id":195,"date":"2016-08-21T16:18:00","date_gmt":"2016-08-21T16:18:00","guid":{"rendered":"http:\/\/www.kisfuzes.hu\/?p=195"},"modified":"2019-02-07T13:37:44","modified_gmt":"2019-02-07T13:37:44","slug":"szocialis-tuzifa-palyazat","status":"publish","type":"post","link":"http:\/\/www.kisfuzes.hu\/?p=195","title":{"rendered":"Szoci\u00e1lis t\u0171zifa p\u00e1ly\u00e1zat"},"content":{"rendered":"<p style=\"text-align: justify;\">\n<p style=\"text-align: justify;\"><img decoding=\"async\" loading=\"lazy\" class=\"size-full wp-image-196 aligncenter\" src=\"http:\/\/www.kisfuzes.hu\/wp-content\/uploads\/2016\/08\/fa.jpg\" alt=\"fa\" width=\"246\" height=\"207\" \/><\/p>\n<p style=\"text-align: justify;\">Kisf\u00fczes K\u00f6zs\u00e9g \u00d6nkorm\u00e1nyzata 2014.\u00a0okt\u00f3ber 28-\u00e1n szoci\u00e1lis t\u00fczel\u0151anyag t\u00e1mogat\u00e1st\u00a0nyert p\u00e1ly\u00e1zat r\u00e9v\u00e9n, melynek nagys\u00e1ga brutt\u00f3\u00a0320.040,-Ft. Ez az \u00f6sszeg 18 m3 kem\u00e9ny lombos\u00a0t\u0171zifa beszerz\u00e9s\u00e9re elegend\u0151, amelynek\u00a0megv\u00e1s\u00e1rl\u00e1shoz 22.000,-Ft \u00f6nkorm\u00e1nyzati\u00a0\u00f6nr\u00e9szt kell biztos\u00edtani.\u00a0A juttat\u00e1s jogosults\u00e1g\u00e1nak meg\u00e1llap\u00edt\u00e1sa\u00a0polg\u00e1rmesteri hat\u00e1sk\u00f6r, de term\u00e9szetesen a\u00a0k\u00e9pvisel\u0151test\u00fclet v\u00e9lem\u00e9nye is fontos ehhez.\u00a0A szoci\u00e1lis t\u0171zifa els\u0151dlegesen a lak\u00e1sfenntart\u00e1si\u00a0t\u00e1mogat\u00e1sban \u00e9rintetteknek, az id\u0151skor\u00faak\u00a0j\u00e1rad\u00e9k\u00e1ban r\u00e9szes\u00fcl\u0151knek \u00e9s a halmozottan\u00a0h\u00e1tr\u00e1nyos helyzet\u0171 csal\u00e1doknak j\u00e1r.\u00a0A h\u00e1ztart\u00e1sonk\u00e9nt v\u00e1rhat\u00f3an egy k\u00f6bm\u00e9ter t\u0171zifa\u00a0kisz\u00e1ll\u00edt\u00e1s\u00e1ra 2014. december\u00e9ben ker\u00fcl sor.<\/p>\n<p style=\"text-align: right;\"><em><strong>Dr. Kerekes Tibor aljegyz\u0151<\/strong><\/em><\/p>\n","protected":false},"excerpt":{"rendered":"<p>Kisf\u00fczes K\u00f6zs\u00e9g \u00d6nkorm\u00e1nyzata 2014.\u00a0okt\u00f3ber 28-\u00e1n szoci\u00e1lis t\u00fczel\u0151anyag t\u00e1mogat\u00e1st\u00a0nyert p\u00e1ly\u00e1zat r\u00e9v\u00e9n, melynek nagys\u00e1ga brutt\u00f3\u00a0320.040,-Ft. Ez az \u00f6sszeg 18 m3 kem\u00e9ny lombos\u00a0t\u0171zifa beszerz\u00e9s\u00e9re elegend\u0151, amelynek\u00a0megv\u00e1s\u00e1rl\u00e1shoz 22.000,-Ft \u00f6nkorm\u00e1nyzati\u00a0\u00f6nr\u00e9szt kell biztos\u00edtani.\u00a0A juttat\u00e1s jogosults\u00e1g\u00e1nak meg\u00e1llap\u00edt\u00e1sa\u00a0polg\u00e1rmesteri hat\u00e1sk\u00f6r, de term\u00e9szetesen a\u00a0k\u00e9pvisel\u0151test\u00fclet&#46;&#46;&#46;<\/p>\n","protected":false},"author":1,"featured_media":0,"comment_status":"closed","ping_status":"open","sticky":false,"template":"","format":"standard","meta":[],"categories":[37,12],"tags":[],"_links":{"self":[{"href":"http:\/\/www.kisfuzes.hu\/index.php?rest_route=\/wp\/v2\/posts\/195"}],"collection":[{"href":"http:\/\/www.kisfuzes.hu\/index.php?rest_route=\/wp\/v2\/posts"}],"about":[{"href":"http:\/\/www.kisfuzes.hu\/index.php?rest_route=\/wp\/v2\/types\/post"}],"author":[{"embeddable":true,"href":"http:\/\/www.kisfuzes.hu\/index.php?rest_route=\/wp\/v2\/users\/1"}],"replies":[{"embeddable":true,"href":"http:\/\/www.kisfuzes.hu\/index.php?rest_route=%2Fwp%2Fv2%2Fcomments&post=195"}],"version-history":[{"count":1,"href":"http:\/\/www.kisfuzes.hu\/index.php?rest_route=\/wp\/v2\/posts\/195\/revisions"}],"predecessor-version":[{"id":197,"href":"http:\/\/www.kisfuzes.hu\/index.php?rest_route=\/wp\/v2\/posts\/195\/revisions\/197"}],"wp:attachment":[{"href":"http:\/\/www.kisfuzes.hu\/index.php?rest_route=%2Fwp%2Fv2%2Fmedia&parent=195"}],"wp:term":[{"taxonomy":"category","embeddable":true,"href":"http:\/\/www.kisfuzes.hu\/index.php?rest_route=%2Fwp%2Fv2%2Fcategories&post=195"},{"taxonomy":"post_tag","embeddable":true,"href":"http:\/\/www.kisfuzes.hu\/index.php?rest_route=%2Fwp%2Fv2%2Ftags&post=195"}],"curies":[{"name":"wp","href":"https:\/\/api.w.org\/{rel}","templated":true}]}}