{"id":191,"date":"2016-08-21T15:54:27","date_gmt":"2016-08-21T15:54:27","guid":{"rendered":"http:\/\/www.kisfuzes.hu\/?p=191"},"modified":"2019-02-07T13:36:02","modified_gmt":"2019-02-07T13:36:02","slug":"kozmunka-program","status":"publish","type":"post","link":"http:\/\/www.kisfuzes.hu\/?p=191","title":{"rendered":"K\u00f6zmunka program"},"content":{"rendered":"<p style=\"text-align: justify;\">Mindenekel\u0151tt a K\u00f6zmunkaprogram\u00a0\u00fajrareform\u00e1l\u00e1s\u00e1val kezdtem p\u00e1lyafut\u00e1somat, de\u00a0mint mindenki tudja minden kezdet neh\u00e9z.\u00a0\u00d6sszeh\u00edvtam a dolgoz\u00f3kat \u00e9s megvitattuk az \u00faj\u00a0szab\u00e1lyokat. A munkafolyamatok megkezd\u00e9se\u00a0el\u0151tt sajn\u00e1latos m\u00f3don m\u00e1r r\u00f6gt\u00f6n az els\u0151 h\u00e9ten\u00a0meg kellett v\u00e1lnom egy k\u00f6zfoglalkoztatott\u00a0munkat\u00e1rst\u00f3l majd a k\u00e9s\u0151bbiekben m\u00e9g egyt\u0151l,\u00a0mert a k\u00e9rt munkafelt\u00e9teleket nem teljes\u00edtett\u00e9k.\u00a0Nev\u00fcket szem\u00e9lyis\u00e9gi jogokat \u00e9rint\u0151 okb\u00f3l nem\u00a0eml\u00edten\u00e9m.\u00a0Az \u00d6nkorm\u00e1nyzat tulajdon\u00e1ban l\u00e9v\u0151\u00a0t\u00e1rgyi eszk\u00f6z\u00f6kr\u0151l (f\u0171ny\u00edr\u00f3, f\u0171kasza,\u00a0motorf\u0171r\u00e9sz) \u00e1tad\u00e1s-\u00e1tv\u00e9teli nyilatkozatot \u00edrt al\u00e1\u00a0minden dolgoz\u00f3, amely szerint anyagi\u00a0felel\u0151ss\u00e9get v\u00e1llal az adott eszk\u00f6z \u00e1llapot\u00e1nak\u00a0meg\u0151rz\u00e9se \u00e9rdek\u00e9ben.\u00a0Az \u00d6nkorm\u00e1nyzat eszk\u00f6zeit minden\u00a0lakos ig\u00e9nybe veheti ezen felt\u00e9tel mellett. Annak\u00a0\u00e9rdek\u00e9ben, hogy az ig\u00e9nybe vett t\u00e1rgyi eszk\u00f6z\u00a0rendeltet\u00e9sszer\u0171en legyen haszn\u00e1lva az\u00a0\u00d6nkorm\u00e1nyzat a saj\u00e1t k\u00f6lts\u00e9gei terh\u00e9re Stihl\u00a0motorolajat ad a sz\u00f3ban forg\u00f3 eszk\u00f6zbe, de az\u00a0\u00fczemanyagot az adott lakosnak kell\u00a0megfinansz\u00edroznia \u00e9s csak az adott kever\u00e9kkel\u00a0\u00fczemeltetheti az eszk\u00f6zt. A benzint az\u00a0\u00d6nkorm\u00e1nyzat v\u00e1s\u00e1rolja meg, amelyet a\u00a0k\u00f6lcs\u00f6nz\u00e9skor helyben kell kifizetni. Az \u00f6sszeg\u00a0\u00e1tad\u00e1s\u00e1t \u00e9s \u00e1tv\u00e9tel\u00e9t az ig\u00e9nybevev\u0151\u00a0formanyomtatv\u00e1nyon r\u00f6gz\u00edti, amellyel a\u00a0polg\u00e1rmester \u00e9s a munkaeszk\u00f6zt ig\u00e9nybevev\u0151\u00a0szem\u00e9ly is v\u00e9dve lesz. Az \u00edgy keletkezett\u00a0p\u00e9nzb\u0151l pedig a polg\u00e1rmester term\u00e9szetesen egy\u00a0bizonyos id\u0151n bel\u00fcl \u00fajra \u00fczemanyagot v\u00e1s\u00e1rol,\u00a0\u00edgy egy k\u00f6rforg\u00e1s alakul ki, amelynek nagy\u00a0el\u0151nye, hogy a lakosoknak kiadott benzin nem az\u00a0\u00d6nkorm\u00e1nyzat k\u00f6lts\u00e9gvet\u00e9s\u00e9t terheli.\u00a0A k\u00f6zmunka, mint minden lakos l\u00e1thatja sz\u00e9pen\u00a0halad. Az \u00faj temet\u0151 tiszt\u00edt\u00e1s\u00e1val kezdt\u00fcnk, a r\u00e9gi\u00a0temet\u0151 ker\u00edt\u00e9se \u00e9s a Polg\u00e1rmesteri Hivatal\u00a0k\u00f6rny\u00e9ke is ki lett tiszt\u00edtva. Egysz\u00f3val a falu\u00a0sz\u00e9p\u00fcl napr\u00f3l napra.\u00a0Hossz\u00fa t\u00e1v\u00fa k\u00f6zmunkaprogram p\u00e1ly\u00e1zat\u00a0Mint eml\u00edtettem, sz\u00e1mos tennival\u00f3 akad a\u00a0telep\u00fcl\u00e9s sz\u00e9p\u00edt\u00e9s\u00e9n, de mint mindenhez ehhez is\u00a0p\u00e9nzre van sz\u00fcks\u00e9g. Ennek \u00e9rdek\u00e9ben 2015.\u00a0m\u00e1rcius 31. napj\u00e1t\u00f3l 2015. december 31-ig egy\u00a0hossz\u00fa t\u00e1v\u00fa k\u00f6zmunkaprogramban szeretn\u00e9nk\u00a0r\u00e9szt venni. Hasonl\u00f3 lehet\u0151s\u00e9ggel Kisf\u00fczes\u00a0\u00d6nkorm\u00e1nyzata eddig m\u00e9g nem \u00e9lt, de\u00a0rem\u00e9lhet\u0151en nagy es\u00e9ly k\u00edn\u00e1lkozik ennek\u00a0megnyer\u00e9s\u00e9re. Az eml\u00edtett k\u00f6zmunkaprogram\u00a0keret\u00e9ben az \u00d6nkorm\u00e1nyzat megk\u00f6zel\u00edt\u0151leg\u00a0700.000,-Ft t\u00e1mogat\u00e1sban r\u00e9szes\u00fclne, amelyet\u00a0munkaeszk\u00f6z\u00f6kre (f\u0171ny\u00edr\u00f3, f\u0171kasza), illetve\u00a0munkav\u00e9delmi eszk\u00f6z\u00f6kre, a fennmarad\u00f3\u00a0\u00f6sszeget pedig a falu sz\u00e9p\u00edt\u00e9s\u00e9re ford\u00edthatn\u00e1nk.<\/p>\n<p style=\"text-align: right;\">\n<em><strong>Menyh\u00e1rt Bal\u00e1zs polg\u00e1rmester<\/strong><\/em><\/p>\n","protected":false},"excerpt":{"rendered":"<p>Mindenekel\u0151tt a K\u00f6zmunkaprogram\u00a0\u00fajrareform\u00e1l\u00e1s\u00e1val kezdtem p\u00e1lyafut\u00e1somat, de\u00a0mint mindenki tudja minden kezdet neh\u00e9z.\u00a0\u00d6sszeh\u00edvtam a dolgoz\u00f3kat \u00e9s megvitattuk az \u00faj\u00a0szab\u00e1lyokat. A munkafolyamatok megkezd\u00e9se\u00a0el\u0151tt sajn\u00e1latos m\u00f3don m\u00e1r r\u00f6gt\u00f6n az els\u0151 h\u00e9ten\u00a0meg kellett v\u00e1lnom egy k\u00f6zfoglalkoztatott\u00a0munkat\u00e1rst\u00f3l majd a k\u00e9s\u0151bbiekben&#46;&#46;&#46;<\/p>\n","protected":false},"author":1,"featured_media":0,"comment_status":"closed","ping_status":"open","sticky":false,"template":"","format":"standard","meta":[],"categories":[37,12],"tags":[],"_links":{"self":[{"href":"http:\/\/www.kisfuzes.hu\/index.php?rest_route=\/wp\/v2\/posts\/191"}],"collection":[{"href":"http:\/\/www.kisfuzes.hu\/index.php?rest_route=\/wp\/v2\/posts"}],"about":[{"href":"http:\/\/www.kisfuzes.hu\/index.php?rest_route=\/wp\/v2\/types\/post"}],"author":[{"embeddable":true,"href":"http:\/\/www.kisfuzes.hu\/index.php?rest_route=\/wp\/v2\/users\/1"}],"replies":[{"embeddable":true,"href":"http:\/\/www.kisfuzes.hu\/index.php?rest_route=%2Fwp%2Fv2%2Fcomments&post=191"}],"version-history":[{"count":1,"href":"http:\/\/www.kisfuzes.hu\/index.php?rest_route=\/wp\/v2\/posts\/191\/revisions"}],"predecessor-version":[{"id":192,"href":"http:\/\/www.kisfuzes.hu\/index.php?rest_route=\/wp\/v2\/posts\/191\/revisions\/192"}],"wp:attachment":[{"href":"http:\/\/www.kisfuzes.hu\/index.php?rest_route=%2Fwp%2Fv2%2Fmedia&parent=191"}],"wp:term":[{"taxonomy":"category","embeddable":true,"href":"http:\/\/www.kisfuzes.hu\/index.php?rest_route=%2Fwp%2Fv2%2Fcategories&post=191"},{"taxonomy":"post_tag","embeddable":true,"href":"http:\/\/www.kisfuzes.hu\/index.php?rest_route=%2Fwp%2Fv2%2Ftags&post=191"}],"curies":[{"name":"wp","href":"https:\/\/api.w.org\/{rel}","templated":true}]}}