{"id":185,"date":"2016-08-21T15:44:26","date_gmt":"2016-08-21T15:44:26","guid":{"rendered":"http:\/\/www.kisfuzes.hu\/?p=185"},"modified":"2016-08-21T15:44:26","modified_gmt":"2016-08-21T15:44:26","slug":"polgarmesteri-koszonto-2","status":"publish","type":"post","link":"http:\/\/www.kisfuzes.hu\/?p=185","title":{"rendered":"Polg\u00e1rmesteri k\u00f6sz\u00f6nt\u0151"},"content":{"rendered":"<p style=\"text-align: justify;\">Ez\u00faton szeretn\u00e9m megk\u00f6sz\u00f6nni Kisf\u00fczes K\u00f6zs\u00e9g\u00a0v\u00e1laszt\u00f3polg\u00e1rainak bizalm\u00e1t, hogy 2014.\u00a0okt\u00f3ber 12. napj\u00e1n a telep\u00fcl\u00e9s polg\u00e1rmester\u00e9nek\u00a0megv\u00e1lasztottak.\u00a0F\u0151\u00e1ll\u00e1s\u00fa munkahelyem megtart\u00e1s\u00e1val t\u00e1rsadalmi\u00a0megb\u00edzat\u00e1s mellett, de teljes emberk\u00e9nt k\u00edv\u00e1nom\u00a0ell\u00e1tni ezt a tiszts\u00e9get.<\/p>\n<p style=\"text-align: justify;\">Hivatalosan minden h\u00e9ten\u00a0h\u00e9tf\u0151n 17 \u00f3ra \u00e9s 18 \u00f3ra k\u00f6z\u00f6tt fogad\u00f3\u00f3r\u00e1t tartok\u00a0a Szabads\u00e1g t\u00e9r 2. sz\u00e1m alatti Polg\u00e1rmesteri\u00a0Hivatalban, de mint eddig is, akinek seg\u00edts\u00e9gre\u00a0van sz\u00fcks\u00e9ge term\u00e9szetesen megtal\u00e1l telefonon\u00a0vagy otthonban \u201e\u00e9jjel-nappal\u201d \u00e9s minden t\u0151lem\u00a0telhet\u0151t megteszek annak \u00e9rdek\u00e9ben, hogy a falu\u00a0lakoss\u00e1g\u00e1nak rendelkez\u00e9s\u00e9re \u00e1lljak.\u00a0Az \u00faj \u00f6sszet\u00e9tel\u0171 K\u00e9pvisel\u0151test\u00fclettel \u2013 a\u00a0k\u00f6lts\u00e9gvet\u00e9si lehet\u0151s\u00e9gek f\u00fcggv\u00e9ny\u00e9ben \u2013\u00a0igyekezni fogunk \u00e9s mindent megfogunk tenni,\u00a0hogy megszolg\u00e1ljuk bizalmukat.\u00a0Engedj\u00e9k meg, hogy figyelm\u00fckbe\u00a0aj\u00e1nljam az \u00d6nkorm\u00e1nyzat 2015. \u00e9vt\u0151l\u00a0alkalmank\u00e9nt (rem\u00e9lhet\u0151leg negyed\u00e9vente)\u00a0megjelen\u0151 Kisf\u00fczesi H\u00edrlev\u00e9l elnevez\u00e9s\u0171\u00a0kiadv\u00e1nya k\u00eds\u00e9rleti p\u00e9ld\u00e1ny\u00e1t, amely az\u00a0\u00d6nkorm\u00e1nyzat hivatalos h\u00edreir\u0151l \u00e9s faluban\u00a0t\u00f6rt\u00e9nt v\u00e1ltoz\u00e1sokr\u00f3l tud\u00f3s\u00edt, illetve k\u00f6z\u00e9rdek\u0171\u00a0inform\u00e1ci\u00f3kat tartalmaz \u00e9s sz\u00e1nd\u00e9kaink szerint\u00a0t\u00e9r\u00edt\u00e9smentesen ker\u00fcl valamennyi kisf\u00fczesi\u00a0h\u00e1ztart\u00e1s postal\u00e1d\u00e1j\u00e1ba.<\/p>\n<p style=\"text-align: right;\">\n<em><strong>Menyh\u00e1rt Bal\u00e1zs polg\u00e1rmester<\/strong><\/em><\/p>\n","protected":false},"excerpt":{"rendered":"<p>Ez\u00faton szeretn\u00e9m megk\u00f6sz\u00f6nni Kisf\u00fczes K\u00f6zs\u00e9g\u00a0v\u00e1laszt\u00f3polg\u00e1rainak bizalm\u00e1t, hogy 2014.\u00a0okt\u00f3ber 12. napj\u00e1n a telep\u00fcl\u00e9s polg\u00e1rmester\u00e9nek\u00a0megv\u00e1lasztottak.\u00a0F\u0151\u00e1ll\u00e1s\u00fa munkahelyem megtart\u00e1s\u00e1val t\u00e1rsadalmi\u00a0megb\u00edzat\u00e1s mellett, de teljes emberk\u00e9nt k\u00edv\u00e1nom\u00a0ell\u00e1tni ezt a tiszts\u00e9get. Hivatalosan minden h\u00e9ten\u00a0h\u00e9tf\u0151n 17 \u00f3ra \u00e9s 18 \u00f3ra k\u00f6z\u00f6tt fogad\u00f3\u00f3r\u00e1t&#46;&#46;&#46;<\/p>\n","protected":false},"author":1,"featured_media":0,"comment_status":"closed","ping_status":"open","sticky":false,"template":"","format":"standard","meta":[],"categories":[1],"tags":[],"_links":{"self":[{"href":"http:\/\/www.kisfuzes.hu\/index.php?rest_route=\/wp\/v2\/posts\/185"}],"collection":[{"href":"http:\/\/www.kisfuzes.hu\/index.php?rest_route=\/wp\/v2\/posts"}],"about":[{"href":"http:\/\/www.kisfuzes.hu\/index.php?rest_route=\/wp\/v2\/types\/post"}],"author":[{"embeddable":true,"href":"http:\/\/www.kisfuzes.hu\/index.php?rest_route=\/wp\/v2\/users\/1"}],"replies":[{"embeddable":true,"href":"http:\/\/www.kisfuzes.hu\/index.php?rest_route=%2Fwp%2Fv2%2Fcomments&post=185"}],"version-history":[{"count":1,"href":"http:\/\/www.kisfuzes.hu\/index.php?rest_route=\/wp\/v2\/posts\/185\/revisions"}],"predecessor-version":[{"id":186,"href":"http:\/\/www.kisfuzes.hu\/index.php?rest_route=\/wp\/v2\/posts\/185\/revisions\/186"}],"wp:attachment":[{"href":"http:\/\/www.kisfuzes.hu\/index.php?rest_route=%2Fwp%2Fv2%2Fmedia&parent=185"}],"wp:term":[{"taxonomy":"category","embeddable":true,"href":"http:\/\/www.kisfuzes.hu\/index.php?rest_route=%2Fwp%2Fv2%2Fcategories&post=185"},{"taxonomy":"post_tag","embeddable":true,"href":"http:\/\/www.kisfuzes.hu\/index.php?rest_route=%2Fwp%2Fv2%2Ftags&post=185"}],"curies":[{"name":"wp","href":"https:\/\/api.w.org\/{rel}","templated":true}]}}